{"id":2158,"date":"2020-01-09T13:02:26","date_gmt":"2020-01-09T13:02:26","guid":{"rendered":"http:\/\/textocon.com\/wp\/?p=2158"},"modified":"2020-01-09T13:12:48","modified_gmt":"2020-01-09T13:12:48","slug":"amplie-suas-competencias-para-o-mundo-vica","status":"publish","type":"post","link":"https:\/\/textocon.com\/?p=2158","title":{"rendered":"Amplie suas compet\u00eancias para o mundo Vica"},"content":{"rendered":"<p><iframe loading=\"lazy\" width=\"560\" height=\"315\" src=\"https:\/\/www.youtube.com\/embed\/ADlXdDGV9fo\" frameborder=\"0\" allow=\"accelerometer; autoplay; encrypted-media; gyroscope; picture-in-picture\" allowfullscreen><\/iframe><\/p>\n<p>O mercado de trabalho caracter\u00edstico do mundo VICA (vol\u00e1til, incerto, complexo e amb\u00edguo) demanda profissionais com conhecimentos abrangentes e vi\u00e9s human\u00edstico. O objetivo \u00e9 compartilhar ideias e trocas de experi\u00eancias com colegas de equipe, voltadas \u00e0 inova\u00e7\u00e3o.<\/p>\n<p>Face a esse cen\u00e1rio, estudantes e veteranos interessados em construir uma trajet\u00f3ria profissional bem-sucedida devem diversificar suas compet\u00eancias. Recomendamos, portanto, que busquem conte\u00fado curricular que melhore a comunica\u00e7\u00e3o e facilite as rela\u00e7\u00f5es interpessoais.<\/p>\n<p>Este diferencial ser\u00e1 disponibilizado por meio do curso Cultura e Dimens\u00f5es Sociais nas Organiza\u00e7\u00f5es, que ser\u00e1 realizado na Fecap, em S\u00e3o Paulo, de 13 a 16 de janeiro. As aulas ser\u00e3o ministradas pelo s\u00f3cio-diretor da Textocon, antrop\u00f3logo e consultor Maroni Jo\u00e3o da Silva.<br \/>\nCorra, fa\u00e7a sua inscri\u00e7\u00e3o <a href=\" https:\/\/lnkd.in\/eRaJbvy\" title=\" https:\/\/lnkd.in\/eRaJbvy\" rel=\"noopener\" target=\"_blank\">https:\/\/lnkd.in\/eRaJbvy<\/a><\/p>\n","protected":false},"excerpt":{"rendered":"<p>O mercado de trabalho caracter\u00edstico do mundo VICA (vol\u00e1til, incerto, complexo e amb\u00edguo) demanda profissionais com conhecimentos abrangentes e vi\u00e9s human\u00edstico. O objetivo \u00e9 compartilhar ideias e trocas de experi\u00eancias com colegas de equipe, voltadas \u00e0 inova\u00e7\u00e3o. Face a esse cen\u00e1rio, estudantes e veteranos interessados em construir uma trajet\u00f3ria profissional bem-sucedida devem diversificar suas compet\u00eancias. [&hellip;]<\/p>\n","protected":false},"author":1,"featured_media":0,"comment_status":"open","ping_status":"open","sticky":false,"template":"","format":"standard","meta":{"footnotes":""},"categories":[26],"tags":[],"class_list":["post-2158","post","type-post","status-publish","format-standard","hentry","category-educacao-e-cultura-organizacional"],"jetpack_featured_media_url":"","_links":{"self":[{"href":"https:\/\/textocon.com\/index.php?rest_route=\/wp\/v2\/posts\/2158","targetHints":{"allow":["GET"]}}],"collection":[{"href":"https:\/\/textocon.com\/index.php?rest_route=\/wp\/v2\/posts"}],"about":[{"href":"https:\/\/textocon.com\/index.php?rest_route=\/wp\/v2\/types\/post"}],"author":[{"embeddable":true,"href":"https:\/\/textocon.com\/index.php?rest_route=\/wp\/v2\/users\/1"}],"replies":[{"embeddable":true,"href":"https:\/\/textocon.com\/index.php?rest_route=%2Fwp%2Fv2%2Fcomments&post=2158"}],"version-history":[{"count":2,"href":"https:\/\/textocon.com\/index.php?rest_route=\/wp\/v2\/posts\/2158\/revisions"}],"predecessor-version":[{"id":2160,"href":"https:\/\/textocon.com\/index.php?rest_route=\/wp\/v2\/posts\/2158\/revisions\/2160"}],"wp:attachment":[{"href":"https:\/\/textocon.com\/index.php?rest_route=%2Fwp%2Fv2%2Fmedia&parent=2158"}],"wp:term":[{"taxonomy":"category","embeddable":true,"href":"https:\/\/textocon.com\/index.php?rest_route=%2Fwp%2Fv2%2Fcategories&post=2158"},{"taxonomy":"post_tag","embeddable":true,"href":"https:\/\/textocon.com\/index.php?rest_route=%2Fwp%2Fv2%2Ftags&post=2158"}],"curies":[{"name":"wp","href":"https:\/\/api.w.org\/{rel}","templated":true}]}}