{"id":2147,"date":"2019-11-29T13:37:01","date_gmt":"2019-11-29T13:37:01","guid":{"rendered":"http:\/\/textocon.com\/wp\/?p=2147"},"modified":"2019-11-29T13:37:22","modified_gmt":"2019-11-29T13:37:22","slug":"transforme-seu-curriculo-em-uma-marca-registrada-socialmente","status":"publish","type":"post","link":"https:\/\/textocon.com\/?p=2147","title":{"rendered":"Transforme seu curr\u00edculo em uma marca registrada socialmente"},"content":{"rendered":"<p>Diante de tanto aprendizado sobre o novo perfil do mercado de trabalho, h\u00e1 uma li\u00e7\u00e3o de casa a ser memorizada por todo e qualquer aspirante a trabalhador do futuro. Ou seja, busque um diferencial competitivo aprimorando cada vez mais seu leque de conhecimentos. <\/p>\n<p>O objetivo \u00e9 aprender e colocar em pr\u00e1tica formas inovadoras de pensar e agir e, ao mesmo tempo, otimizar o uso de suas compet\u00eancias comportamentais, respeitando a diversidade.<br \/>\nFoi pensando em refor\u00e7ar a capacidade cognitiva das pessoas que a Textocon prop\u00f4s a realiza\u00e7\u00e3o do curso CULTURA E DIMENS\u00d5ES SOCIAIS NAS ORGANIZA\u00c7\u00d5ES em parceria com a Pr\u00f3-Reitoria de Extens\u00e3o da FECAP. Afinal, embora a tecnologia comande o espet\u00e1culo corporativo, as pessoas continuam imprescind\u00edveis, gra\u00e7as \u00e0 sua capacidade de pensar criticamente. <\/p>\n<p>Sinta-se empoderado para conviver com os novos tempos. N\u00e3o perca a oportunidade in\u00e9dita de agregar valor ao seu curr\u00edculo por meio desse treinamento mais do que especial<\/p>\n<p><a href=\"https:\/\/lnkd.in\/eRaJbvy\"><img loading=\"lazy\" decoding=\"async\" src=\"https:\/\/textocon.com\/wp\/wp-content\/uploads\/2019\/11\/black.jpg\" alt=\"black\" width=\"365\" height=\"665\" class=\"alignleft size-full wp-image-2148\" srcset=\"https:\/\/textocon.com\/wp-content\/uploads\/2019\/11\/black.jpg 365w, https:\/\/textocon.com\/wp-content\/uploads\/2019\/11\/black-165x300.jpg 165w\" sizes=\"auto, (max-width: 365px) 100vw, 365px\" \/><\/a><\/p>\n","protected":false},"excerpt":{"rendered":"<p>Diante de tanto aprendizado sobre o novo perfil do mercado de trabalho, h\u00e1 uma li\u00e7\u00e3o de casa a ser memorizada por todo e qualquer aspirante a trabalhador do futuro. Ou seja, busque um diferencial competitivo aprimorando cada vez mais seu leque de conhecimentos. O objetivo \u00e9 aprender e colocar em pr\u00e1tica formas inovadoras de pensar [&hellip;]<\/p>\n","protected":false},"author":1,"featured_media":0,"comment_status":"open","ping_status":"open","sticky":false,"template":"","format":"standard","meta":{"footnotes":""},"categories":[26],"tags":[],"class_list":["post-2147","post","type-post","status-publish","format-standard","hentry","category-educacao-e-cultura-organizacional"],"jetpack_featured_media_url":"","_links":{"self":[{"href":"https:\/\/textocon.com\/index.php?rest_route=\/wp\/v2\/posts\/2147","targetHints":{"allow":["GET"]}}],"collection":[{"href":"https:\/\/textocon.com\/index.php?rest_route=\/wp\/v2\/posts"}],"about":[{"href":"https:\/\/textocon.com\/index.php?rest_route=\/wp\/v2\/types\/post"}],"author":[{"embeddable":true,"href":"https:\/\/textocon.com\/index.php?rest_route=\/wp\/v2\/users\/1"}],"replies":[{"embeddable":true,"href":"https:\/\/textocon.com\/index.php?rest_route=%2Fwp%2Fv2%2Fcomments&post=2147"}],"version-history":[{"count":2,"href":"https:\/\/textocon.com\/index.php?rest_route=\/wp\/v2\/posts\/2147\/revisions"}],"predecessor-version":[{"id":2150,"href":"https:\/\/textocon.com\/index.php?rest_route=\/wp\/v2\/posts\/2147\/revisions\/2150"}],"wp:attachment":[{"href":"https:\/\/textocon.com\/index.php?rest_route=%2Fwp%2Fv2%2Fmedia&parent=2147"}],"wp:term":[{"taxonomy":"category","embeddable":true,"href":"https:\/\/textocon.com\/index.php?rest_route=%2Fwp%2Fv2%2Fcategories&post=2147"},{"taxonomy":"post_tag","embeddable":true,"href":"https:\/\/textocon.com\/index.php?rest_route=%2Fwp%2Fv2%2Ftags&post=2147"}],"curies":[{"name":"wp","href":"https:\/\/api.w.org\/{rel}","templated":true}]}}