{"id":2137,"date":"2019-10-21T16:04:37","date_gmt":"2019-10-21T16:04:37","guid":{"rendered":"http:\/\/textocon.com\/wp\/?p=2137"},"modified":"2019-10-21T18:14:29","modified_gmt":"2019-10-21T18:14:29","slug":"mais-um-passo-rumo-a-gestao-estrategica-de-rh","status":"publish","type":"post","link":"https:\/\/textocon.com\/?p=2137","title":{"rendered":"Mais um passo rumo \u00e0 gest\u00e3o estrat\u00e9gica de RH"},"content":{"rendered":"<p>Universidades e institui\u00e7\u00f5es de ensino superior em geral v\u00eam sendo for\u00e7adas pela conjuntura global a repensarem seus objetivos e metas educacionais. Um dos desafios \u00e9 conciliar sua miss\u00e3o de produzir, transmitir e difundir conhecimento cient\u00edfico de interesse da sociedade com a de formar pessoas com a capacita\u00e7\u00e3o demandada pelo mercado de trabalho.<\/p>\n<p>O momento imp\u00f5e a necessidade de consolidar o horizonte estrat\u00e9gico da gest\u00e3o de Recursos Humanos face \u00e0 transforma\u00e7\u00e3o digital. Uma contribui\u00e7\u00e3o inovadora encontra-se sintetizada no livro \u201cGest\u00e3o de pessoas no S\u00e9culo XXI: desafios e tend\u00eancias para al\u00e9m de modismos\u201d, focalizado neste post. <\/p>\n<p>Um dos 11 cap\u00edtulos da publica\u00e7\u00e3o \u00e9 assinado pelo mestre e doutor em Ci\u00eancias Sociais, Maroni Jo\u00e3o da Silva, s\u00f3cio-diretor da Textocon, em parceria com o professor assistente da FEA\/PUC-SP, Pedro Aguerre, igualmente mestre e doutor em Ci\u00eancias Sociais. O conte\u00fado enfatiza o papel da cultura e da diversidade na forma\u00e7\u00e3o de administradores do futuro, com perfil polivalente e humanista.<\/p>\n<p><img loading=\"lazy\" decoding=\"async\" src=\"https:\/\/textocon.com\/wp\/wp-content\/uploads\/2019\/10\/puc.jpg\" alt=\"puc\" width=\"826\" height=\"618\" class=\"alignleft size-full wp-image-2138\" srcset=\"https:\/\/textocon.com\/wp-content\/uploads\/2019\/10\/puc.jpg 826w, https:\/\/textocon.com\/wp-content\/uploads\/2019\/10\/puc-300x224.jpg 300w\" sizes=\"auto, (max-width: 826px) 100vw, 826px\" \/><\/p>\n","protected":false},"excerpt":{"rendered":"<p>Universidades e institui\u00e7\u00f5es de ensino superior em geral v\u00eam sendo for\u00e7adas pela conjuntura global a repensarem seus objetivos e metas educacionais. Um dos desafios \u00e9 conciliar sua miss\u00e3o de produzir, transmitir e difundir conhecimento cient\u00edfico de interesse da sociedade com a de formar pessoas com a capacita\u00e7\u00e3o demandada pelo mercado de trabalho. O momento imp\u00f5e [&hellip;]<\/p>\n","protected":false},"author":1,"featured_media":0,"comment_status":"open","ping_status":"open","sticky":false,"template":"","format":"standard","meta":{"footnotes":""},"categories":[26],"tags":[],"class_list":["post-2137","post","type-post","status-publish","format-standard","hentry","category-educacao-e-cultura-organizacional"],"jetpack_featured_media_url":"","_links":{"self":[{"href":"https:\/\/textocon.com\/index.php?rest_route=\/wp\/v2\/posts\/2137","targetHints":{"allow":["GET"]}}],"collection":[{"href":"https:\/\/textocon.com\/index.php?rest_route=\/wp\/v2\/posts"}],"about":[{"href":"https:\/\/textocon.com\/index.php?rest_route=\/wp\/v2\/types\/post"}],"author":[{"embeddable":true,"href":"https:\/\/textocon.com\/index.php?rest_route=\/wp\/v2\/users\/1"}],"replies":[{"embeddable":true,"href":"https:\/\/textocon.com\/index.php?rest_route=%2Fwp%2Fv2%2Fcomments&post=2137"}],"version-history":[{"count":2,"href":"https:\/\/textocon.com\/index.php?rest_route=\/wp\/v2\/posts\/2137\/revisions"}],"predecessor-version":[{"id":2140,"href":"https:\/\/textocon.com\/index.php?rest_route=\/wp\/v2\/posts\/2137\/revisions\/2140"}],"wp:attachment":[{"href":"https:\/\/textocon.com\/index.php?rest_route=%2Fwp%2Fv2%2Fmedia&parent=2137"}],"wp:term":[{"taxonomy":"category","embeddable":true,"href":"https:\/\/textocon.com\/index.php?rest_route=%2Fwp%2Fv2%2Fcategories&post=2137"},{"taxonomy":"post_tag","embeddable":true,"href":"https:\/\/textocon.com\/index.php?rest_route=%2Fwp%2Fv2%2Ftags&post=2137"}],"curies":[{"name":"wp","href":"https:\/\/api.w.org\/{rel}","templated":true}]}}