{"id":2114,"date":"2019-07-22T19:29:04","date_gmt":"2019-07-22T19:29:04","guid":{"rendered":"http:\/\/textocon.com\/wp\/?p=2114"},"modified":"2019-07-23T19:08:42","modified_gmt":"2019-07-23T19:08:42","slug":"entre-com-tudo-no-novo-mundo-do-trabalho","status":"publish","type":"post","link":"https:\/\/textocon.com\/?p=2114","title":{"rendered":"Entre com tudo no novo mundo do trabalho"},"content":{"rendered":"<div class=\"ui--video-wrapper clearfix\"><div class=\"ui--video ui--video-16-9\" style=\"padding-bottom: 56.25%;\"><blockquote class=\"twitter-tweet\" data-width=\"550\" data-dnt=\"true\"><p lang=\"pt\" dir=\"ltr\">O futuro profissional \u00e9 agora <a href=\"https:\/\/t.co\/aZGiIR7XL1\">pic.twitter.com\/aZGiIR7XL1<\/a><\/p>&mdash; Maroni Jo\u00e3o da Silva (@Maroni_silvaa) <a href=\"https:\/\/twitter.com\/Maroni_silvaa\/status\/1152734388515430400?ref_src=twsrc%5Etfw\">July 21, 2019<\/a><\/blockquote><script async src=\"https:\/\/platform.twitter.com\/widgets.js\" charset=\"utf-8\"><\/script><\/div><\/div><div class=\"auto-format ui--animation\"><p>Diante de exig\u00eancias disruptivas do mercado de trabalho, formados ou estudantes de gradua\u00e7\u00e3o<br \/>\ninteressados em construir uma carreira bem-sucedida, no setor produtivo, devem tornar seus<br \/>\ncurr\u00edculos mais competitivos. O curso que o s\u00f3cio-diretor da Textocon est\u00e1 divulgando atrav\u00e9s do<br \/>\nv\u00eddeo aqui postado representa uma excelente oportunidade para que essas pessoas abram novos<br \/>\nhorizontes relacionados \u00e0 comunica\u00e7\u00e3o interpessoal, intera\u00e7\u00e3o e compartilhamento de ideias com<br \/>\nseus pares.<\/p>\n<p>Durante tr\u00eas dias ser\u00e3o fornecidos conte\u00fados que facilitem identificar os desafios para conviver<br \/>\ncom as diferen\u00e7as no ambiente corporativo. Busca-se difundir conhecimentos b\u00e1sicos e<br \/>\nextracurriculares aos interessados em trabalhar em empresas modernas, que vem colocando em<br \/>\npr\u00e1tica uma nova cultura de neg\u00f3cios.<\/p>\n<p>A grade curricular fundamenta-se em conhecimentos capazes de refor\u00e7ar a capacita\u00e7\u00e3o dos<br \/>\nfuturos profissionais em diversidade sociocultural. Exemplos pr\u00e1ticos indicar\u00e3o caminhos para que<br \/>\nos alunos adquiram essa compet\u00eancia visando exercer suas fun\u00e7\u00f5es profissionais de forma mais<br \/>\neficiente.<\/p>\n<p>Temos certeza de que ao final dessa imers\u00e3o em cultura organizacional eles estar\u00e3o prontos para<br \/>\ndisputar novas oportunidades de trabalho. E mais do que isso: se sentir\u00e3o motivados e inspirados<br \/>\npara propor solu\u00e7\u00f5es inovadoras a problemas complexos enfrentados por grandes, m\u00e9dias e<br \/>\npequenas empresas.<br \/>\n<br \/>\n#textoconrh<\/p>\n<p>Fa\u00e7a sua inscri\u00e7\u00e3o atrav\u00e9s do link <a href=\"https:\/\/www.abmbrasil.com.br\/cursos\" title=\"https:\/\/www.abmbrasil.com.br\/cursos\" rel=\"noopener\" target=\"_blank\">https:\/\/www.abmbrasil.com.br\/cursos<\/a><\/p>\n<\/div>","protected":false},"excerpt":{"rendered":"<p>O futuro profissional \u00e9 agora pic.twitter.com\/aZGiIR7XL1&mdash; Maroni Jo\u00e3o da Silva (@Maroni_silvaa) July 21, 2019Diante de exig\u00eancias disruptivas do mercado de trabalho, formados ou estudantes de gradua\u00e7\u00e3o interessados em construir uma carreira bem-sucedida, no setor produtivo, devem tornar seus curr\u00edculos mais competitivos. O curso que o s\u00f3cio-diretor da Textocon est\u00e1 divulgando atrav\u00e9s do v\u00eddeo aqui postado [&hellip;]<\/p>\n","protected":false},"author":1,"featured_media":0,"comment_status":"open","ping_status":"open","sticky":false,"template":"","format":"standard","meta":{"footnotes":""},"categories":[26],"tags":[31],"class_list":["post-2114","post","type-post","status-publish","format-standard","hentry","category-educacao-e-cultura-organizacional","tag-textoconrh"],"jetpack_featured_media_url":"","_links":{"self":[{"href":"https:\/\/textocon.com\/index.php?rest_route=\/wp\/v2\/posts\/2114","targetHints":{"allow":["GET"]}}],"collection":[{"href":"https:\/\/textocon.com\/index.php?rest_route=\/wp\/v2\/posts"}],"about":[{"href":"https:\/\/textocon.com\/index.php?rest_route=\/wp\/v2\/types\/post"}],"author":[{"embeddable":true,"href":"https:\/\/textocon.com\/index.php?rest_route=\/wp\/v2\/users\/1"}],"replies":[{"embeddable":true,"href":"https:\/\/textocon.com\/index.php?rest_route=%2Fwp%2Fv2%2Fcomments&post=2114"}],"version-history":[{"count":3,"href":"https:\/\/textocon.com\/index.php?rest_route=\/wp\/v2\/posts\/2114\/revisions"}],"predecessor-version":[{"id":2117,"href":"https:\/\/textocon.com\/index.php?rest_route=\/wp\/v2\/posts\/2114\/revisions\/2117"}],"wp:attachment":[{"href":"https:\/\/textocon.com\/index.php?rest_route=%2Fwp%2Fv2%2Fmedia&parent=2114"}],"wp:term":[{"taxonomy":"category","embeddable":true,"href":"https:\/\/textocon.com\/index.php?rest_route=%2Fwp%2Fv2%2Fcategories&post=2114"},{"taxonomy":"post_tag","embeddable":true,"href":"https:\/\/textocon.com\/index.php?rest_route=%2Fwp%2Fv2%2Ftags&post=2114"}],"curies":[{"name":"wp","href":"https:\/\/api.w.org\/{rel}","templated":true}]}}