{"id":2009,"date":"2018-12-03T13:03:09","date_gmt":"2018-12-03T13:03:09","guid":{"rendered":"http:\/\/textocon.com\/wp\/?p=2009"},"modified":"2018-12-03T17:45:45","modified_gmt":"2018-12-03T17:45:45","slug":"mitigando-os-riscos-do-aquecimento-global","status":"publish","type":"post","link":"https:\/\/textocon.com\/?p=2009","title":{"rendered":"Mitigando os riscos do aquecimento global"},"content":{"rendered":"<p>Turbinada pela necessidade de reduzir as emiss\u00f5es de carbono na atmosfera, a pesquisa cient\u00edfica<br \/>\naplicada vem produzindo efeitos significativos no Brasil, em prol da sustentabilidade ambiental.<br \/>\nDentre as inova\u00e7\u00f5es destaca-se a possibilidade de transformar o CO 2 , piv\u00f4 do aquecimento global,<br \/>\nem produtos qu\u00edmicos, com diversas aplica\u00e7\u00f5es na cadeia de valor da ind\u00fastria.<\/p>\n<p>Essa \u00e9 uma das iniciativas que comp\u00f5e o portf\u00f3lio de projetos de P&amp;D do RCGI &#8211; Research Centre<br \/>\nfor Gas Innovation (Centro de Pesquisa para Inova\u00e7\u00e3o em G\u00e1s). Vinculado \u00e0 USP, o centro<br \/>\ntrabalha com a perspectiva, inclusive, de viabilizar a constru\u00e7\u00e3o da primeira caverna de<br \/>\nconfinamento de CO 2 na camada de sal do pr\u00e9-sal, entre 2020 e 2021.<\/p>\n<p>Na pr\u00e1tica, as pesquisas financiadas pela Shell criam possibilidades concretas de desenvolver<br \/>\nfontes alternativas de energia visando \u00e0 substitui\u00e7\u00e3o de combust\u00edveis f\u00f3sseis. Mais detalhes sobre<br \/>\nesse assunto podem ser conferidos na reportagem produzida pelo s\u00f3cio-diretor da Textocon,<br \/>\nantrop\u00f3logo e jornalista Maroni J. Silva, publicada na revista Qu\u00edmica e Derivados, conforme link<br \/>\nabaixo,<br \/>\n<a title=\"https:\/\/www.quimica.com.br\/revistas\/qd596a\/#p=22\" href=\"https:\/\/www.quimica.com.br\/revistas\/qd596a\/#p=22\" target=\"_blank\">https:\/\/www.quimica.com.br\/revistas\/qd596a\/#p=22<\/a><\/p>\n<p><a href=\"https:\/\/www.quimica.com.br\/revistas\/qd596a\/#p=22\"><img loading=\"lazy\" decoding=\"async\" class=\"alignleft size-full wp-image-2020\" src=\"https:\/\/textocon.com\/wp\/wp-content\/uploads\/2018\/12\/revista3.jpg\" alt=\"revista3\" width=\"441\" height=\"600\" srcset=\"https:\/\/textocon.com\/wp-content\/uploads\/2018\/12\/revista3.jpg 441w, https:\/\/textocon.com\/wp-content\/uploads\/2018\/12\/revista3-221x300.jpg 221w\" sizes=\"auto, (max-width: 441px) 100vw, 441px\" \/><\/a><\/p>\n","protected":false},"excerpt":{"rendered":"<p>Turbinada pela necessidade de reduzir as emiss\u00f5es de carbono na atmosfera, a pesquisa cient\u00edfica aplicada vem produzindo efeitos significativos no Brasil, em prol da sustentabilidade ambiental. Dentre as inova\u00e7\u00f5es destaca-se a possibilidade de transformar o CO 2 , piv\u00f4 do aquecimento global, em produtos qu\u00edmicos, com diversas aplica\u00e7\u00f5es na cadeia de valor da ind\u00fastria. Essa [&hellip;]<\/p>\n","protected":false},"author":1,"featured_media":0,"comment_status":"open","ping_status":"open","sticky":false,"template":"","format":"standard","meta":{"footnotes":""},"categories":[25],"tags":[],"class_list":["post-2009","post","type-post","status-publish","format-standard","hentry","category-reportagens"],"jetpack_featured_media_url":"","_links":{"self":[{"href":"https:\/\/textocon.com\/index.php?rest_route=\/wp\/v2\/posts\/2009","targetHints":{"allow":["GET"]}}],"collection":[{"href":"https:\/\/textocon.com\/index.php?rest_route=\/wp\/v2\/posts"}],"about":[{"href":"https:\/\/textocon.com\/index.php?rest_route=\/wp\/v2\/types\/post"}],"author":[{"embeddable":true,"href":"https:\/\/textocon.com\/index.php?rest_route=\/wp\/v2\/users\/1"}],"replies":[{"embeddable":true,"href":"https:\/\/textocon.com\/index.php?rest_route=%2Fwp%2Fv2%2Fcomments&post=2009"}],"version-history":[{"count":4,"href":"https:\/\/textocon.com\/index.php?rest_route=\/wp\/v2\/posts\/2009\/revisions"}],"predecessor-version":[{"id":2022,"href":"https:\/\/textocon.com\/index.php?rest_route=\/wp\/v2\/posts\/2009\/revisions\/2022"}],"wp:attachment":[{"href":"https:\/\/textocon.com\/index.php?rest_route=%2Fwp%2Fv2%2Fmedia&parent=2009"}],"wp:term":[{"taxonomy":"category","embeddable":true,"href":"https:\/\/textocon.com\/index.php?rest_route=%2Fwp%2Fv2%2Fcategories&post=2009"},{"taxonomy":"post_tag","embeddable":true,"href":"https:\/\/textocon.com\/index.php?rest_route=%2Fwp%2Fv2%2Ftags&post=2009"}],"curies":[{"name":"wp","href":"https:\/\/api.w.org\/{rel}","templated":true}]}}