{"id":1951,"date":"2018-08-13T14:51:50","date_gmt":"2018-08-13T14:51:50","guid":{"rendered":"http:\/\/textocon.com\/wp\/?p=1951"},"modified":"2018-08-13T14:51:50","modified_gmt":"2018-08-13T14:51:50","slug":"como-construir-carreiras-alinhadas-ao-mundo-corporativo","status":"publish","type":"post","link":"https:\/\/textocon.com\/?p=1951","title":{"rendered":"Como construir carreiras alinhadas ao mundo corporativo"},"content":{"rendered":"<p>A edi\u00e7\u00e3o 138 da revista RH em S\u00edntese, rec\u00e9m-lan\u00e7ada, dedicada aos executivos de recursos<br \/>\nhumanos que foram destaque em sua atua\u00e7\u00e3o, em 2017, traz nas p\u00e1ginas 113\/114, artigo do<br \/>\ns\u00f3cio-diretor da Textocon, sobre capacita\u00e7\u00e3o. O texto, que j\u00e1 havia sido publicado no site do Grupo<br \/>\nGest\u00e3o e RH, ganha espa\u00e7o tamb\u00e9m na vers\u00e3o impressa dessa importante publica\u00e7\u00e3o, que h\u00e1 tr\u00eas<br \/>\nd\u00e9cadas acompanha de perto o trabalho dos profissionais mais admirados do segmento.<br \/>\nOs leitores da revista t\u00eam agora a oportunidade de conferir o artigo editado sob o t\u00edtulo<br \/>\n\u201cTransformando cultura organizacional em diferencial competitivo para o curr\u00edculo\u201d. O conte\u00fado<br \/>\naborda a necessidade de as institui\u00e7\u00f5es de ensino ajustarem suas grades curriculares \u00e0s novas<br \/>\ndemandas do mercado de trabalho, focalizadas em ocupa\u00e7\u00f5es que quebram o paradigma da<br \/>\nespecializa\u00e7\u00e3o em uma \u00fanica \u00e1rea stricto sensu.<\/p>\n<p><a href=\"http:\/\/www.mateussilva.com.br\/ed138.pdf\"><img loading=\"lazy\" decoding=\"async\" class=\"alignleft size-full wp-image-1952\" src=\"https:\/\/textocon.com\/wp\/wp-content\/uploads\/2018\/08\/capa_rh.png\" alt=\"capa_rh\" width=\"630\" height=\"834\" srcset=\"https:\/\/textocon.com\/wp-content\/uploads\/2018\/08\/capa_rh.png 630w, https:\/\/textocon.com\/wp-content\/uploads\/2018\/08\/capa_rh-227x300.png 227w\" sizes=\"auto, (max-width: 630px) 100vw, 630px\" \/><\/a><\/p>\n","protected":false},"excerpt":{"rendered":"<p>A edi\u00e7\u00e3o 138 da revista RH em S\u00edntese, rec\u00e9m-lan\u00e7ada, dedicada aos executivos de recursos humanos que foram destaque em sua atua\u00e7\u00e3o, em 2017, traz nas p\u00e1ginas 113\/114, artigo do s\u00f3cio-diretor da Textocon, sobre capacita\u00e7\u00e3o. O texto, que j\u00e1 havia sido publicado no site do Grupo Gest\u00e3o e RH, ganha espa\u00e7o tamb\u00e9m na vers\u00e3o impressa dessa [&hellip;]<\/p>\n","protected":false},"author":1,"featured_media":0,"comment_status":"open","ping_status":"open","sticky":false,"template":"","format":"standard","meta":{"footnotes":""},"categories":[26],"tags":[],"class_list":["post-1951","post","type-post","status-publish","format-standard","hentry","category-educacao-e-cultura-organizacional"],"jetpack_featured_media_url":"","_links":{"self":[{"href":"https:\/\/textocon.com\/index.php?rest_route=\/wp\/v2\/posts\/1951","targetHints":{"allow":["GET"]}}],"collection":[{"href":"https:\/\/textocon.com\/index.php?rest_route=\/wp\/v2\/posts"}],"about":[{"href":"https:\/\/textocon.com\/index.php?rest_route=\/wp\/v2\/types\/post"}],"author":[{"embeddable":true,"href":"https:\/\/textocon.com\/index.php?rest_route=\/wp\/v2\/users\/1"}],"replies":[{"embeddable":true,"href":"https:\/\/textocon.com\/index.php?rest_route=%2Fwp%2Fv2%2Fcomments&post=1951"}],"version-history":[{"count":2,"href":"https:\/\/textocon.com\/index.php?rest_route=\/wp\/v2\/posts\/1951\/revisions"}],"predecessor-version":[{"id":1954,"href":"https:\/\/textocon.com\/index.php?rest_route=\/wp\/v2\/posts\/1951\/revisions\/1954"}],"wp:attachment":[{"href":"https:\/\/textocon.com\/index.php?rest_route=%2Fwp%2Fv2%2Fmedia&parent=1951"}],"wp:term":[{"taxonomy":"category","embeddable":true,"href":"https:\/\/textocon.com\/index.php?rest_route=%2Fwp%2Fv2%2Fcategories&post=1951"},{"taxonomy":"post_tag","embeddable":true,"href":"https:\/\/textocon.com\/index.php?rest_route=%2Fwp%2Fv2%2Ftags&post=1951"}],"curies":[{"name":"wp","href":"https:\/\/api.w.org\/{rel}","templated":true}]}}