{"id":1924,"date":"2018-06-19T13:32:31","date_gmt":"2018-06-19T13:32:31","guid":{"rendered":"http:\/\/textocon.com\/wp\/?p=1924"},"modified":"2018-06-20T13:28:13","modified_gmt":"2018-06-20T13:28:13","slug":"vicios-de-linguagem-causam-ruidos-na-comunicacao","status":"publish","type":"post","link":"https:\/\/textocon.com\/?p=1924","title":{"rendered":"V\u00edcios de linguagem causam ru\u00eddos na comunica\u00e7\u00e3o"},"content":{"rendered":"<p>\u201cFiquei preso no tr\u00e2nsito\u201d; \u201ctive um imprevisto de \u00faltima hora\u201d; \u201cfui chamado para uma reuni\u00e3o<br \/>\nurgente\u201d; \u201cestava em uma call, n\u00e3o pude atender\u201d. Certamente cada um de n\u00f3s j\u00e1 ouviu in\u00fameras<br \/>\nvezes explica\u00e7\u00f5es desse tipo ao questionar algum gestor ou auxiliar administrativo por ter deixado<br \/>\nde atender uma liga\u00e7\u00e3o telef\u00f4nica que dependia de uma resposta sua, n\u00e3o chegar no hor\u00e1rio<br \/>\nprevisto para um compromisso pr\u00e9-agendado ou deixar de comparecer por desinteresse ou por<br \/>\nn\u00e3o o considerar importante.<\/p>\n<p>Embora sejam recorrentes no repert\u00f3rio lingu\u00edstico corporativo, em tese, todas essas alocu\u00e7\u00f5es<br \/>\nd\u00e3o margem a significados diversos do que seus prop\u00f3sitos podem sugerir. Ou seja, al\u00e9m de<br \/>\npouco assertivas, em certas ocasi\u00f5es essas express\u00f5es implicam desconformidades capazes de<br \/>\ncomprometer o verdadeiro sentido da comunica\u00e7\u00e3o \u2013 transmitir a mensagem com clareza.<br \/>\nDa mesma forma, carregam o v\u00edcio impl\u00edcito e, \u00e0s vezes at\u00e9 premeditado, do ru\u00eddo, uma distor\u00e7\u00e3o<br \/>\nigualmente danosa \u00e0 efic\u00e1cia da comunica\u00e7\u00e3o. E mais do que isso: embora fa\u00e7am parte da<br \/>\nlinguagem falada, dependendo do contexto em que s\u00e3o usadas, podem causar desconfian\u00e7a,<br \/>\ndesconforto social e at\u00e9 mesmo comprometer a credibilidade de quem as usa, inadvertidamente.<br \/>\nSob a \u00f3tica da cultura organizacional, tal repert\u00f3rio tamb\u00e9m deve ser evitado como regra, por n\u00e3o<br \/>\ncontribuir com a intera\u00e7\u00e3o social, fun\u00e7\u00e3o por excel\u00eancia da comunica\u00e7\u00e3o interna e externa nas<br \/>\nempresas. Objetivamente falando, esse tipo de linguagem pode comprometer o alinhamento do<br \/>\ndiscurso corporativo, sem o qual, perde-se o foco da comunica\u00e7\u00e3o. Adicionalmente, pode levar a<br \/>\nreputa\u00e7\u00e3o da empresa a ser taxada de incoerente, acusada de pregar uma \u00e9tica institucional que<br \/>\nn\u00e3o tem respaldo em suas pr\u00e1ticas de comunica\u00e7\u00e3o organizacional.<\/p>\n<p><img loading=\"lazy\" decoding=\"async\" class=\"alignleft size-full wp-image-1929\" src=\"https:\/\/textocon.com\/wp\/wp-content\/uploads\/2018\/06\/blabla.jpg\" alt=\"blabla\" width=\"405\" height=\"245\" srcset=\"https:\/\/textocon.com\/wp-content\/uploads\/2018\/06\/blabla.jpg 405w, https:\/\/textocon.com\/wp-content\/uploads\/2018\/06\/blabla-300x181.jpg 300w\" sizes=\"auto, (max-width: 405px) 100vw, 405px\" \/><\/p>\n","protected":false},"excerpt":{"rendered":"<p>\u201cFiquei preso no tr\u00e2nsito\u201d; \u201ctive um imprevisto de \u00faltima hora\u201d; \u201cfui chamado para uma reuni\u00e3o urgente\u201d; \u201cestava em uma call, n\u00e3o pude atender\u201d. Certamente cada um de n\u00f3s j\u00e1 ouviu in\u00fameras vezes explica\u00e7\u00f5es desse tipo ao questionar algum gestor ou auxiliar administrativo por ter deixado de atender uma liga\u00e7\u00e3o telef\u00f4nica que dependia de uma resposta [&hellip;]<\/p>\n","protected":false},"author":1,"featured_media":0,"comment_status":"open","ping_status":"open","sticky":false,"template":"","format":"standard","meta":{"footnotes":""},"categories":[26],"tags":[],"class_list":["post-1924","post","type-post","status-publish","format-standard","hentry","category-educacao-e-cultura-organizacional"],"jetpack_featured_media_url":"","_links":{"self":[{"href":"https:\/\/textocon.com\/index.php?rest_route=\/wp\/v2\/posts\/1924","targetHints":{"allow":["GET"]}}],"collection":[{"href":"https:\/\/textocon.com\/index.php?rest_route=\/wp\/v2\/posts"}],"about":[{"href":"https:\/\/textocon.com\/index.php?rest_route=\/wp\/v2\/types\/post"}],"author":[{"embeddable":true,"href":"https:\/\/textocon.com\/index.php?rest_route=\/wp\/v2\/users\/1"}],"replies":[{"embeddable":true,"href":"https:\/\/textocon.com\/index.php?rest_route=%2Fwp%2Fv2%2Fcomments&post=1924"}],"version-history":[{"count":2,"href":"https:\/\/textocon.com\/index.php?rest_route=\/wp\/v2\/posts\/1924\/revisions"}],"predecessor-version":[{"id":1930,"href":"https:\/\/textocon.com\/index.php?rest_route=\/wp\/v2\/posts\/1924\/revisions\/1930"}],"wp:attachment":[{"href":"https:\/\/textocon.com\/index.php?rest_route=%2Fwp%2Fv2%2Fmedia&parent=1924"}],"wp:term":[{"taxonomy":"category","embeddable":true,"href":"https:\/\/textocon.com\/index.php?rest_route=%2Fwp%2Fv2%2Fcategories&post=1924"},{"taxonomy":"post_tag","embeddable":true,"href":"https:\/\/textocon.com\/index.php?rest_route=%2Fwp%2Fv2%2Ftags&post=1924"}],"curies":[{"name":"wp","href":"https:\/\/api.w.org\/{rel}","templated":true}]}}