{"id":1918,"date":"2018-06-04T17:13:03","date_gmt":"2018-06-04T17:13:03","guid":{"rendered":"http:\/\/textocon.com\/wp\/?p=1918"},"modified":"2018-06-04T17:44:58","modified_gmt":"2018-06-04T17:44:58","slug":"amudanca-que-vem-de-dentro-cresce-floresce-e-multiplica-se","status":"publish","type":"post","link":"https:\/\/textocon.com\/?p=1918","title":{"rendered":"A mudan\u00e7a que vem de dentro cresce, floresce e multiplica-se"},"content":{"rendered":"<p>Qualquer empresa que tenha a pretens\u00e3o de ampliar seus horizontes e conquistar posi\u00e7\u00e3o de<br \/>\nlideran\u00e7a entre os grandes players do mercado global, ter\u00e1 que colocar no p\u00f3dio, sempre, seu<br \/>\ncapital humano. Por melhor que seja sua estrutura operacional, dispondo de avan\u00e7adas<br \/>\ntecnologias de informa\u00e7\u00e3o, controle e processos computacionais, nada substituir\u00e1 um time de<br \/>\ncraques em criatividade com s\u00f3lida capacidade t\u00e9cnica, treinados e motivados simbolicamente<br \/>\npara seduzir clientes.<br \/>\nEsses dois quesitos s\u00e3o essenciais para assegurar a efic\u00e1cia de suas a\u00e7\u00f5es no ambiente de<br \/>\nneg\u00f3cios marcado pela imprevisibilidade e volatilidades t\u00edpicas do capital financeiro, mediado pela<br \/>\nera digital. A sobreviv\u00eancia da organiza\u00e7\u00e3o depender\u00e1, portanto, de quadros de gestores<\/p>\n<p>integrados, preferencialmente em rede, por lideran\u00e7as flex\u00edveis, vision\u00e1rias, carism\u00e1ticas e sempre<br \/>\nprontas para observar, aprender e mudar. Na pr\u00e1tica dever\u00e3o implementar novas formas de<br \/>\nempoderamento e de relacionamento com seus pares, visando mitigar os efeitos das incertezas<br \/>\nque caracterizam este s\u00e9culo XXI.<br \/>\nFragmentos desse aprendizado podem ser garimpados no vasto campo da literatura de neg\u00f3cios,<br \/>\nmas n\u00e3o aquela que apenas motive o leitor a fazer o mesmo do mesmo, ou seja, reproduzirem<br \/>\nmodelos. Essa pr\u00e1tica embora seja ainda recorrente entre alguns gurus, n\u00e3o contribui para uma<br \/>\nverdadeira metamorfose de dentro para fora. Trata-se do impulso capaz de levar a pessoa a<br \/>\nacessar a parcela adormecida de sua energia inspiradora de paix\u00f5es, geralmente acondicionada<br \/>\ndo lado esquerdo do peito, ou seja, no cora\u00e7\u00e3o. Da mesma forma, recomenda-se, como faz Marc<br \/>\nHal\u00e9vy, em \u201cA Era do Conhecimento\u201d, uma incurs\u00e3o interior em busca do nosso potencial de<br \/>\ninova\u00e7\u00e3o, facilitado pelos comandos vindos do lado direito do c\u00e9rebro, garantindo assim o<br \/>\nequil\u00edbrio entre o material e o imaterial. O primeiro representa o quantitativo, a l\u00f3gica movida pela<br \/>\nracionalidade dos n\u00fameros; a segunda, comanda os impulsos qualitativos, integrando o homem em<br \/>\nsua totalidade hol\u00edstica. Um e outro se complementam e s\u00e3o indispens\u00e1veis \u00e0 proatividade e<br \/>\nflexibilidade \u2013 dois pr\u00e9-requisitos que caracterizam o perfil do trabalhador do presente e do futuro.<\/p>\n<p>&nbsp;<\/p>\n<p><img loading=\"lazy\" decoding=\"async\" class=\"alignleft size-full wp-image-1916\" src=\"https:\/\/textocon.com\/wp\/wp-content\/uploads\/2018\/06\/Textoc2.-Mudan\u00e7a.gif\" alt=\"Textoc2. Mudan\u00e7a\" width=\"1043\" height=\"675\" \/><\/p>\n","protected":false},"excerpt":{"rendered":"<p>Qualquer empresa que tenha a pretens\u00e3o de ampliar seus horizontes e conquistar posi\u00e7\u00e3o de lideran\u00e7a entre os grandes players do mercado global, ter\u00e1 que colocar no p\u00f3dio, sempre, seu capital humano. Por melhor que seja sua estrutura operacional, dispondo de avan\u00e7adas tecnologias de informa\u00e7\u00e3o, controle e processos computacionais, nada substituir\u00e1 um time de craques em [&hellip;]<\/p>\n","protected":false},"author":1,"featured_media":0,"comment_status":"open","ping_status":"open","sticky":false,"template":"","format":"standard","meta":{"footnotes":""},"categories":[28],"tags":[],"class_list":["post-1918","post","type-post","status-publish","format-standard","hentry","category-trabalho-e-meritocria"],"jetpack_featured_media_url":"","_links":{"self":[{"href":"https:\/\/textocon.com\/index.php?rest_route=\/wp\/v2\/posts\/1918","targetHints":{"allow":["GET"]}}],"collection":[{"href":"https:\/\/textocon.com\/index.php?rest_route=\/wp\/v2\/posts"}],"about":[{"href":"https:\/\/textocon.com\/index.php?rest_route=\/wp\/v2\/types\/post"}],"author":[{"embeddable":true,"href":"https:\/\/textocon.com\/index.php?rest_route=\/wp\/v2\/users\/1"}],"replies":[{"embeddable":true,"href":"https:\/\/textocon.com\/index.php?rest_route=%2Fwp%2Fv2%2Fcomments&post=1918"}],"version-history":[{"count":2,"href":"https:\/\/textocon.com\/index.php?rest_route=\/wp\/v2\/posts\/1918\/revisions"}],"predecessor-version":[{"id":1920,"href":"https:\/\/textocon.com\/index.php?rest_route=\/wp\/v2\/posts\/1918\/revisions\/1920"}],"wp:attachment":[{"href":"https:\/\/textocon.com\/index.php?rest_route=%2Fwp%2Fv2%2Fmedia&parent=1918"}],"wp:term":[{"taxonomy":"category","embeddable":true,"href":"https:\/\/textocon.com\/index.php?rest_route=%2Fwp%2Fv2%2Fcategories&post=1918"},{"taxonomy":"post_tag","embeddable":true,"href":"https:\/\/textocon.com\/index.php?rest_route=%2Fwp%2Fv2%2Ftags&post=1918"}],"curies":[{"name":"wp","href":"https:\/\/api.w.org\/{rel}","templated":true}]}}