{"id":1851,"date":"2018-03-03T22:42:10","date_gmt":"2018-03-03T22:42:10","guid":{"rendered":"http:\/\/textocon.com\/wp\/?p=1851"},"modified":"2018-03-03T22:42:10","modified_gmt":"2018-03-03T22:42:10","slug":"economia-gaucha-pode-perder-uma-referencia-estrategica","status":"publish","type":"post","link":"https:\/\/textocon.com\/?p=1851","title":{"rendered":"Economia ga\u00facha pode perder uma refer\u00eancia estrat\u00e9gica"},"content":{"rendered":"<p>A prov\u00e1vel extin\u00e7\u00e3o da FEE -Funda\u00e7\u00e3o de Economia e Estat\u00edstica, ligada ao governo ga\u00facho,<br \/>\npoder\u00e1 trazer consequ\u00eancias negativas aos estudos de indicadores que facilitam e d\u00e3o<br \/>\nconsist\u00eancia macroecon\u00f4mica a planos de m\u00e9dio e longo prazos no Estado. Inclusa em um pacote<br \/>\nde ajuste das finan\u00e7as p\u00fablicas, pelo atual governo, a medida vem despertando uma extensa<br \/>\ndiscuss\u00e3o dentro e fora do territ\u00f3rio ga\u00facho, dada sua import\u00e2ncia estrat\u00e9gica.<\/p>\n<p>Dentre as tantas pesquisas e estudos realizados pela entidade, destacam-se por exemplo, \u201cA<br \/>\nprodu\u00e7\u00e3o n\u00e3o capitalista &#8211; uma discuss\u00e3o te\u00f3rica\u201d, de 1985, e &#8220;Categoria econ\u00f4mica renda da<br \/>\nterra&#8221;, publicado em 1983. Esses estudos subsidiaram discuss\u00f5es te\u00f3rico-pr\u00e1ticas tanto no<br \/>\nambiente acad\u00eamico como no de neg\u00f3cios. Em Ci\u00eancias Sociais, particularmente na \u00e1rea de<br \/>\nSociologia do Desenvolvimento, a contribui\u00e7\u00e3o da FEE despertou o debate de muitas teorias e<br \/>\nteses sobre o dualismo Centro-periferia, que tiveram seu auge entre os anos de 1970 at\u00e9 meados<br \/>\nde 1980. A partir da\u00ed, foram bastante relativizados na esteira da globaliza\u00e7\u00e3o que, no Brasil, em<br \/>\nparticular, foi antecedida pela chamada reestrutura\u00e7\u00e3o produtiva. Essa, por sua vez,<br \/>\n&#8220;reengenheirou&#8221;; a economia-sociedade, no bojo do embalo&#8221;modernizante&#8221; em que emergiu uma<br \/>\ndas primeiras ondas neoliberalizante no Pa\u00eds, coincidindo com a elei\u00e7\u00e3o do atual senador<br \/>\nFernando Collor de Mello para a presid\u00eancia da Rep\u00fablica, nos anos de 1990.<\/p>\n<p>Seu governo foi marcado por uma forte abertura da economia brasileira para o mercado externo,<br \/>\nbuscando desconstruir as chamadas reservas internas de mercado. Os estudos que subsidiaram<br \/>\nesse movimento eram embasados por dados e cr\u00edticas a determinados setores da economia<br \/>\ndom\u00e9stico, considerados fechados, cartelizados e atrasados. Vale lembrar que, na \u00e9poca, os<br \/>\ncarros brasileiros foram classificados como \u201ccarro\u00e7a\u201d pelo ent\u00e3o presidente da Rep\u00fablica. Como se<br \/>\nobserva, sem retaguarda pensante, n\u00e3o h\u00e1 como protagonizar mudan\u00e7as sociais concretas, que<br \/>\nproporcionem a gera\u00e7\u00e3o de emprego e renda neste imenso Pa\u00eds, inclusive em benef\u00edcio dos<br \/>\n\u201cdescamisados\u201d, para usar um termo da \u00e9poca.<\/p>\n<p><img loading=\"lazy\" decoding=\"async\" class=\"alignleft size-full wp-image-1852\" src=\"https:\/\/textocon.com\/wp\/wp-content\/uploads\/2018\/03\/prod_cap.png\" alt=\"prod_cap\" width=\"500\" height=\"444\" srcset=\"https:\/\/textocon.com\/wp-content\/uploads\/2018\/03\/prod_cap.png 500w, https:\/\/textocon.com\/wp-content\/uploads\/2018\/03\/prod_cap-300x266.png 300w\" sizes=\"auto, (max-width: 500px) 100vw, 500px\" \/><\/p>\n","protected":false},"excerpt":{"rendered":"<p>A prov\u00e1vel extin\u00e7\u00e3o da FEE -Funda\u00e7\u00e3o de Economia e Estat\u00edstica, ligada ao governo ga\u00facho, poder\u00e1 trazer consequ\u00eancias negativas aos estudos de indicadores que facilitam e d\u00e3o consist\u00eancia macroecon\u00f4mica a planos de m\u00e9dio e longo prazos no Estado. Inclusa em um pacote de ajuste das finan\u00e7as p\u00fablicas, pelo atual governo, a medida vem despertando uma extensa [&hellip;]<\/p>\n","protected":false},"author":1,"featured_media":0,"comment_status":"open","ping_status":"open","sticky":false,"template":"","format":"standard","meta":{"footnotes":""},"categories":[14],"tags":[],"class_list":["post-1851","post","type-post","status-publish","format-standard","hentry","category-noticias"],"jetpack_featured_media_url":"","_links":{"self":[{"href":"https:\/\/textocon.com\/index.php?rest_route=\/wp\/v2\/posts\/1851","targetHints":{"allow":["GET"]}}],"collection":[{"href":"https:\/\/textocon.com\/index.php?rest_route=\/wp\/v2\/posts"}],"about":[{"href":"https:\/\/textocon.com\/index.php?rest_route=\/wp\/v2\/types\/post"}],"author":[{"embeddable":true,"href":"https:\/\/textocon.com\/index.php?rest_route=\/wp\/v2\/users\/1"}],"replies":[{"embeddable":true,"href":"https:\/\/textocon.com\/index.php?rest_route=%2Fwp%2Fv2%2Fcomments&post=1851"}],"version-history":[{"count":1,"href":"https:\/\/textocon.com\/index.php?rest_route=\/wp\/v2\/posts\/1851\/revisions"}],"predecessor-version":[{"id":1853,"href":"https:\/\/textocon.com\/index.php?rest_route=\/wp\/v2\/posts\/1851\/revisions\/1853"}],"wp:attachment":[{"href":"https:\/\/textocon.com\/index.php?rest_route=%2Fwp%2Fv2%2Fmedia&parent=1851"}],"wp:term":[{"taxonomy":"category","embeddable":true,"href":"https:\/\/textocon.com\/index.php?rest_route=%2Fwp%2Fv2%2Fcategories&post=1851"},{"taxonomy":"post_tag","embeddable":true,"href":"https:\/\/textocon.com\/index.php?rest_route=%2Fwp%2Fv2%2Ftags&post=1851"}],"curies":[{"name":"wp","href":"https:\/\/api.w.org\/{rel}","templated":true}]}}