{"id":1841,"date":"2018-02-20T13:49:06","date_gmt":"2018-02-20T13:49:06","guid":{"rendered":"http:\/\/textocon.com\/wp\/?p=1841"},"modified":"2018-02-20T13:50:28","modified_gmt":"2018-02-20T13:50:28","slug":"cultura-organizacional-entra-na-escola-informalmente","status":"publish","type":"post","link":"https:\/\/textocon.com\/?p=1841","title":{"rendered":"Cultura organizacional entra na escola, informalmente"},"content":{"rendered":"<p>A cultura organizacional come\u00e7a a ser difundida, informalmente, no meio estudantil<br \/>\nintegrado pelo ensino Fundamental e M\u00e9dio do Estado de S\u00e3o Paulo. A novidade resultou<br \/>\nda entrega a estudantes do interior, de dois exemplares do livro \u201cMagazine Luiza \u2013<br \/>\nNeg\u00f3cio &amp;amp; Cultura\u201d, de autoria do s\u00f3cio-diretor da Textocon, o antrop\u00f3logo Maroni J.<br \/>\nSilva.<\/p>\n<p>O sorteio realizado no in\u00edcio de fevereiro, pela Secretaria de Educa\u00e7\u00e3o do Governo de<br \/>\nS\u00e3o Paulo, teve como vencedores Marcelo Martins e Alexandre da Silva Barros,<br \/>\nestudantes da E.E. Deputada Ivete Vargas, e E.E Prof. Hugo Gambetti Promiss\u00e3o, de<br \/>\nMau\u00e1 e Lins, respectivamente. O resultado foi divulgado pela Comunica\u00e7\u00e3o Interna da<br \/>\nSecretaria, que recebeu os volumes doados pelo autor, com o intuito de ampliar a<br \/>\ndivulga\u00e7\u00e3o do livro bem como contribuir para fomentar o conhecimento sobre o assunto.<br \/>\nAo se informar sobre a iniciativa atrav\u00e9s da intranet da Secretaria, dois funcion\u00e1rios se<br \/>\nmanifestaram sobre a s\u00edntese da obra postada virtualmente. \u201cUma hist\u00f3ria de vit\u00f3rias\u201d. Foi<br \/>\nassim que Marisa Mariko Arizona sintetizou seu conte\u00fado. Luiz Fernando Finazzi Santos,<br \/>\nconsiderou a publica\u00e7\u00e3o como \u201cum estudo focado num dos pilares da administra\u00e7\u00e3o<br \/>\npessoal e financeira de uma empresa\u201d. Ao comentar a abordagem ele manifestou<br \/>\ninteresse em ser deslocado para uma \u00e1rea que tenha afinidade maior com sua forma\u00e7\u00e3o<br \/>\nde administrador.<\/p>\n<p><img loading=\"lazy\" decoding=\"async\" class=\"alignleft size-full wp-image-1842\" src=\"https:\/\/textocon.com\/wp\/wp-content\/uploads\/2018\/02\/cult_org.jpg\" alt=\"cult_org\" width=\"262\" height=\"272\" \/><\/p>\n","protected":false},"excerpt":{"rendered":"<p>A cultura organizacional come\u00e7a a ser difundida, informalmente, no meio estudantil integrado pelo ensino Fundamental e M\u00e9dio do Estado de S\u00e3o Paulo. A novidade resultou da entrega a estudantes do interior, de dois exemplares do livro \u201cMagazine Luiza \u2013 Neg\u00f3cio &amp;amp; Cultura\u201d, de autoria do s\u00f3cio-diretor da Textocon, o antrop\u00f3logo Maroni J. Silva. O sorteio [&hellip;]<\/p>\n","protected":false},"author":1,"featured_media":0,"comment_status":"open","ping_status":"open","sticky":false,"template":"","format":"standard","meta":{"footnotes":""},"categories":[26],"tags":[],"class_list":["post-1841","post","type-post","status-publish","format-standard","hentry","category-educacao-e-cultura-organizacional"],"jetpack_featured_media_url":"","_links":{"self":[{"href":"https:\/\/textocon.com\/index.php?rest_route=\/wp\/v2\/posts\/1841","targetHints":{"allow":["GET"]}}],"collection":[{"href":"https:\/\/textocon.com\/index.php?rest_route=\/wp\/v2\/posts"}],"about":[{"href":"https:\/\/textocon.com\/index.php?rest_route=\/wp\/v2\/types\/post"}],"author":[{"embeddable":true,"href":"https:\/\/textocon.com\/index.php?rest_route=\/wp\/v2\/users\/1"}],"replies":[{"embeddable":true,"href":"https:\/\/textocon.com\/index.php?rest_route=%2Fwp%2Fv2%2Fcomments&post=1841"}],"version-history":[{"count":1,"href":"https:\/\/textocon.com\/index.php?rest_route=\/wp\/v2\/posts\/1841\/revisions"}],"predecessor-version":[{"id":1843,"href":"https:\/\/textocon.com\/index.php?rest_route=\/wp\/v2\/posts\/1841\/revisions\/1843"}],"wp:attachment":[{"href":"https:\/\/textocon.com\/index.php?rest_route=%2Fwp%2Fv2%2Fmedia&parent=1841"}],"wp:term":[{"taxonomy":"category","embeddable":true,"href":"https:\/\/textocon.com\/index.php?rest_route=%2Fwp%2Fv2%2Fcategories&post=1841"},{"taxonomy":"post_tag","embeddable":true,"href":"https:\/\/textocon.com\/index.php?rest_route=%2Fwp%2Fv2%2Ftags&post=1841"}],"curies":[{"name":"wp","href":"https:\/\/api.w.org\/{rel}","templated":true}]}}