{"id":1838,"date":"2018-02-20T13:37:58","date_gmt":"2018-02-20T13:37:58","guid":{"rendered":"http:\/\/textocon.com\/wp\/?p=1838"},"modified":"2018-02-20T13:37:58","modified_gmt":"2018-02-20T13:37:58","slug":"gestores-de-rh-analisam-a-evolucao-das-carreiras","status":"publish","type":"post","link":"https:\/\/textocon.com\/?p=1838","title":{"rendered":"Gestores de RH analisam a evolu\u00e7\u00e3o das carreiras"},"content":{"rendered":"<p>O Grupo Gest\u00e3o e RH lan\u00e7ar\u00e1, em junho pr\u00f3ximo, um livro que dever\u00e1 contribuir para<br \/>\nenriquecer a literatura sobre a evolu\u00e7\u00e3o dos percursos profissionais no Brasil. A<br \/>\npublica\u00e7\u00e3o que est\u00e1 sendo preparada sob a coordena\u00e7\u00e3o da empresa que atua h\u00e1 quase<br \/>\ntr\u00eas d\u00e9cadas no segmento de recursos humanos, trar\u00e1 depoimentos de 30 executivos que<br \/>\nse projetaram nessa \u00e1rea.<\/p>\n<p>Dentre os assuntos que comp\u00f5em o conte\u00fado da obra, destacam-se opini\u00f5es e cases<br \/>\nsobre carreira e sucesso profissional. Os depoimentos abordar\u00e3o tamb\u00e9m uma das<br \/>\nquest\u00f5es mais pol\u00eamicas da atualidade no mundo do trabalho, ou seja, vida profissional<br \/>\nversus pessoal. Em s\u00edntese, a quest\u00e3o crucial \u00e9 como estabelecer um equil\u00edbrio entre<br \/>\nessas duas dimens\u00f5es da atividade humana, na p\u00f3s-modernidade.<\/p>\n<p><img loading=\"lazy\" decoding=\"async\" class=\"alignleft size-full wp-image-1839\" src=\"https:\/\/textocon.com\/wp\/wp-content\/uploads\/2018\/02\/texto_rhs.jpg\" alt=\"texto_rhs\" width=\"380\" height=\"549\" srcset=\"https:\/\/textocon.com\/wp-content\/uploads\/2018\/02\/texto_rhs.jpg 380w, https:\/\/textocon.com\/wp-content\/uploads\/2018\/02\/texto_rhs-208x300.jpg 208w\" sizes=\"auto, (max-width: 380px) 100vw, 380px\" \/><\/p>\n","protected":false},"excerpt":{"rendered":"<p>O Grupo Gest\u00e3o e RH lan\u00e7ar\u00e1, em junho pr\u00f3ximo, um livro que dever\u00e1 contribuir para enriquecer a literatura sobre a evolu\u00e7\u00e3o dos percursos profissionais no Brasil. A publica\u00e7\u00e3o que est\u00e1 sendo preparada sob a coordena\u00e7\u00e3o da empresa que atua h\u00e1 quase tr\u00eas d\u00e9cadas no segmento de recursos humanos, trar\u00e1 depoimentos de 30 executivos que se [&hellip;]<\/p>\n","protected":false},"author":1,"featured_media":0,"comment_status":"open","ping_status":"open","sticky":false,"template":"","format":"standard","meta":{"footnotes":""},"categories":[14],"tags":[],"class_list":["post-1838","post","type-post","status-publish","format-standard","hentry","category-noticias"],"jetpack_featured_media_url":"","_links":{"self":[{"href":"https:\/\/textocon.com\/index.php?rest_route=\/wp\/v2\/posts\/1838","targetHints":{"allow":["GET"]}}],"collection":[{"href":"https:\/\/textocon.com\/index.php?rest_route=\/wp\/v2\/posts"}],"about":[{"href":"https:\/\/textocon.com\/index.php?rest_route=\/wp\/v2\/types\/post"}],"author":[{"embeddable":true,"href":"https:\/\/textocon.com\/index.php?rest_route=\/wp\/v2\/users\/1"}],"replies":[{"embeddable":true,"href":"https:\/\/textocon.com\/index.php?rest_route=%2Fwp%2Fv2%2Fcomments&post=1838"}],"version-history":[{"count":1,"href":"https:\/\/textocon.com\/index.php?rest_route=\/wp\/v2\/posts\/1838\/revisions"}],"predecessor-version":[{"id":1840,"href":"https:\/\/textocon.com\/index.php?rest_route=\/wp\/v2\/posts\/1838\/revisions\/1840"}],"wp:attachment":[{"href":"https:\/\/textocon.com\/index.php?rest_route=%2Fwp%2Fv2%2Fmedia&parent=1838"}],"wp:term":[{"taxonomy":"category","embeddable":true,"href":"https:\/\/textocon.com\/index.php?rest_route=%2Fwp%2Fv2%2Fcategories&post=1838"},{"taxonomy":"post_tag","embeddable":true,"href":"https:\/\/textocon.com\/index.php?rest_route=%2Fwp%2Fv2%2Ftags&post=1838"}],"curies":[{"name":"wp","href":"https:\/\/api.w.org\/{rel}","templated":true}]}}