{"id":1801,"date":"2018-01-24T14:52:05","date_gmt":"2018-01-24T14:52:05","guid":{"rendered":"http:\/\/textocon.com\/wp\/?p=1801"},"modified":"2018-01-24T14:52:05","modified_gmt":"2018-01-24T14:52:05","slug":"avanco-da-aldeia-global-cria-os-nao-empregaveis","status":"publish","type":"post","link":"https:\/\/textocon.com\/?p=1801","title":{"rendered":"Avan\u00e7o da aldeia global cria os \u201cn\u00e3o empreg\u00e1veis\u201d"},"content":{"rendered":"<p>A prov\u00e1vel despropor\u00e7\u00e3o entre os empregos que ser\u00e3o gerados em decorr\u00eancia do avan\u00e7o da intelig\u00eancia artificial e o n\u00famero de pessoas que conseguir\u00e1 se reciclar para se inserir no novo mundo do trabalho poder\u00e1 \u201ccondenar\u201d muitos a uma esp\u00e9cie de \u00f3cio for\u00e7ado. Calcula-se que cerca de 30% a 40% das novas profiss\u00f5es ainda est\u00e3o por vir, mas nem todos candidatos conseguir\u00e3o se qualificar para ocupar fun\u00e7\u00f5es do futuro, conforme prev\u00ea o professor Yuval Noah Harari, da Universidade Hebraica de Jerusal\u00e9m. Doutor em hist\u00f3ria pela Universidade de Oxford e especializado em hist\u00f3ria mundial, ele afirmou, recentemente, que esse contingente &#8220;s\u00e3o pessoas que n\u00e3o ser\u00e3o apenas desempregadas, mas que n\u00e3o ser\u00e3o empreg\u00e1veis&#8221;.<\/p>\n<p>Os coment\u00e1rios do autor do <i>best-seller<\/i> <i>Uma breve hist\u00f3ria da Unidade \u2013 Sapiens<\/i>, constam em um artigo seu denominado <i>O Significado da Vida em um Mundo sem Trabalh<\/i>o publicado pelo The Guardian, no qual ele aponta que a nova categoria de desempregados deve surgir at\u00e9 2050. Sua sobreviv\u00eancia material depender\u00e1 de algum tipo de renda b\u00e1sica, segundo o especialista, mas h\u00e1 d\u00favidas em rela\u00e7\u00e3o \u00e0 sa\u00fade social e psicol\u00f3gica desse novo ex\u00e9rcito de reserva.<\/p>\n<p><img loading=\"lazy\" decoding=\"async\" class=\"alignleft size-full wp-image-1782\" src=\"https:\/\/textocon.com\/wp\/wp-content\/uploads\/2018\/01\/Profissoesfuturo.jpg\" alt=\"Profissoesfuturo\" width=\"640\" height=\"480\" srcset=\"https:\/\/textocon.com\/wp-content\/uploads\/2018\/01\/Profissoesfuturo.jpg 640w, https:\/\/textocon.com\/wp-content\/uploads\/2018\/01\/Profissoesfuturo-300x225.jpg 300w\" sizes=\"auto, (max-width: 640px) 100vw, 640px\" \/><\/p>\n","protected":false},"excerpt":{"rendered":"<p>A prov\u00e1vel despropor\u00e7\u00e3o entre os empregos que ser\u00e3o gerados em decorr\u00eancia do avan\u00e7o da intelig\u00eancia artificial e o n\u00famero de pessoas que conseguir\u00e1 se reciclar para se inserir no novo mundo do trabalho poder\u00e1 \u201ccondenar\u201d muitos a uma esp\u00e9cie de \u00f3cio for\u00e7ado. Calcula-se que cerca de 30% a 40% das novas profiss\u00f5es ainda est\u00e3o por [&hellip;]<\/p>\n","protected":false},"author":1,"featured_media":0,"comment_status":"open","ping_status":"open","sticky":false,"template":"","format":"standard","meta":{"footnotes":""},"categories":[28],"tags":[],"class_list":["post-1801","post","type-post","status-publish","format-standard","hentry","category-trabalho-e-meritocria"],"jetpack_featured_media_url":"","_links":{"self":[{"href":"https:\/\/textocon.com\/index.php?rest_route=\/wp\/v2\/posts\/1801","targetHints":{"allow":["GET"]}}],"collection":[{"href":"https:\/\/textocon.com\/index.php?rest_route=\/wp\/v2\/posts"}],"about":[{"href":"https:\/\/textocon.com\/index.php?rest_route=\/wp\/v2\/types\/post"}],"author":[{"embeddable":true,"href":"https:\/\/textocon.com\/index.php?rest_route=\/wp\/v2\/users\/1"}],"replies":[{"embeddable":true,"href":"https:\/\/textocon.com\/index.php?rest_route=%2Fwp%2Fv2%2Fcomments&post=1801"}],"version-history":[{"count":1,"href":"https:\/\/textocon.com\/index.php?rest_route=\/wp\/v2\/posts\/1801\/revisions"}],"predecessor-version":[{"id":1802,"href":"https:\/\/textocon.com\/index.php?rest_route=\/wp\/v2\/posts\/1801\/revisions\/1802"}],"wp:attachment":[{"href":"https:\/\/textocon.com\/index.php?rest_route=%2Fwp%2Fv2%2Fmedia&parent=1801"}],"wp:term":[{"taxonomy":"category","embeddable":true,"href":"https:\/\/textocon.com\/index.php?rest_route=%2Fwp%2Fv2%2Fcategories&post=1801"},{"taxonomy":"post_tag","embeddable":true,"href":"https:\/\/textocon.com\/index.php?rest_route=%2Fwp%2Fv2%2Ftags&post=1801"}],"curies":[{"name":"wp","href":"https:\/\/api.w.org\/{rel}","templated":true}]}}