{"id":1788,"date":"2018-01-24T14:37:23","date_gmt":"2018-01-24T14:37:23","guid":{"rendered":"http:\/\/textocon.com\/wp\/?p=1788"},"modified":"2018-01-24T14:37:23","modified_gmt":"2018-01-24T14:37:23","slug":"textocon-participa-de-brainstormings-para-formacao-de-cursos-de-pos-graduacao","status":"publish","type":"post","link":"https:\/\/textocon.com\/?p=1788","title":{"rendered":"Textocon participa de brainstormings para forma\u00e7\u00e3o de cursos de p\u00f3s-gradua\u00e7\u00e3o"},"content":{"rendered":"<p>Mais do que sair da zona de conforto, imp\u00f5e-se aos pretendentes de novas oportunidades e aos que sonham com a conquista de distin\u00e7\u00e3o e visibilidade no mundo do trabalho adotarem uma perspectiva vision\u00e1ria de desenvolvimento de seu marketing pessoal. Em outras palavras, devem apostar na ideia de serem protagonistas ao inv\u00e9s de figurarem apenas como atores medianos de determinados processos de trabalho. Esse esfor\u00e7o implica observar a capacita\u00e7\u00e3o com outro olhar, usando-a como uma alavancagem para transformar o conhecimento te\u00f3rico em pr\u00e1ticas, atitudes e a\u00e7\u00f5es que realmente fa\u00e7am a diferen\u00e7a, tanto no seu bolso como nos resultados da empresa onde trabalha, como empregado ou prestadores de servi\u00e7os.<\/p>\n<p>Na outra ponta, ou seja, do lado das universidades e institui\u00e7\u00f5es de ensino imp\u00f5e-se a preocupa\u00e7\u00e3o de trabalhar inspiradas em uma perspectiva pedag\u00f3gica diferenciada. Esse esfor\u00e7o significa, na pr\u00e1tica, disponibilizar conte\u00fados e informa\u00e7\u00f5es que contribuam para formar profissionais com conhecimento t\u00e9cnico, flexibilidade e intelig\u00eancia social para lidar com a diversidade. Leia-se m\u00e3o de obra dotada de um diferencial competitivo baseado em uma vis\u00e3o de mundo em que a intera\u00e7\u00e3o entre as dimens\u00f5es econ\u00f4mica, social, pol\u00edtica e cultural \u00e9 essencial para o bom desempenho dos neg\u00f3cios.<\/p>\n<p>A Textocon, representada por seu s\u00f3cio-diretor, o antrop\u00f3logo Maroni J. Silva, tem sido requisitada para participar de <i>brainstormings<\/i> e discuss\u00f5es sobre a constitui\u00e7\u00e3o de cursos de especializa\u00e7\u00e3o, em n\u00edvel de p\u00f3s-gradua\u00e7\u00e3o, com perfil semelhante ao que foi referido acima. Um dos convites, mediados pelo Grupo Gest\u00e3o &amp; RH, ter\u00e1 como resultado o an\u00fancio, em breve, de um MBA em Recursos Humanos, que dever\u00e1 funcionar em uma tradicional institui\u00e7\u00e3o de ensino de S\u00e3o Paulo.<\/p>\n<p>No contexto p\u00f3s-reforma trabalhista, escassez de vagas e sobra de m\u00e3o de obra, a especializa\u00e7\u00e3o via MBA ou cursos de extens\u00e3o universit\u00e1ria tornou-se um imperativo vital. Esse percurso \u00e9 recomend\u00e1vel tanto aos que buscam recoloca\u00e7\u00e3o no mercado de trabalho quanto aos que priorizam a constru\u00e7\u00e3o de uma trajet\u00f3ria profissional bem-sucedida, com ou sem carteira assinada.<\/p>\n<p><img loading=\"lazy\" decoding=\"async\" class=\"alignleft size-full wp-image-1785\" src=\"https:\/\/textocon.com\/wp\/wp-content\/uploads\/2018\/01\/brainstorming-600x445.jpg\" alt=\"brainstorming-600x445\" width=\"600\" height=\"445\" srcset=\"https:\/\/textocon.com\/wp-content\/uploads\/2018\/01\/brainstorming-600x445.jpg 600w, https:\/\/textocon.com\/wp-content\/uploads\/2018\/01\/brainstorming-600x445-300x223.jpg 300w\" sizes=\"auto, (max-width: 600px) 100vw, 600px\" \/><\/p>\n","protected":false},"excerpt":{"rendered":"<p>Mais do que sair da zona de conforto, imp\u00f5e-se aos pretendentes de novas oportunidades e aos que sonham com a conquista de distin\u00e7\u00e3o e visibilidade no mundo do trabalho adotarem uma perspectiva vision\u00e1ria de desenvolvimento de seu marketing pessoal. Em outras palavras, devem apostar na ideia de serem protagonistas ao inv\u00e9s de figurarem apenas como [&hellip;]<\/p>\n","protected":false},"author":1,"featured_media":0,"comment_status":"open","ping_status":"open","sticky":false,"template":"","format":"standard","meta":{"footnotes":""},"categories":[24],"tags":[],"class_list":["post-1788","post","type-post","status-publish","format-standard","hentry","category-produtos-e-servicos"],"jetpack_featured_media_url":"","_links":{"self":[{"href":"https:\/\/textocon.com\/index.php?rest_route=\/wp\/v2\/posts\/1788","targetHints":{"allow":["GET"]}}],"collection":[{"href":"https:\/\/textocon.com\/index.php?rest_route=\/wp\/v2\/posts"}],"about":[{"href":"https:\/\/textocon.com\/index.php?rest_route=\/wp\/v2\/types\/post"}],"author":[{"embeddable":true,"href":"https:\/\/textocon.com\/index.php?rest_route=\/wp\/v2\/users\/1"}],"replies":[{"embeddable":true,"href":"https:\/\/textocon.com\/index.php?rest_route=%2Fwp%2Fv2%2Fcomments&post=1788"}],"version-history":[{"count":1,"href":"https:\/\/textocon.com\/index.php?rest_route=\/wp\/v2\/posts\/1788\/revisions"}],"predecessor-version":[{"id":1789,"href":"https:\/\/textocon.com\/index.php?rest_route=\/wp\/v2\/posts\/1788\/revisions\/1789"}],"wp:attachment":[{"href":"https:\/\/textocon.com\/index.php?rest_route=%2Fwp%2Fv2%2Fmedia&parent=1788"}],"wp:term":[{"taxonomy":"category","embeddable":true,"href":"https:\/\/textocon.com\/index.php?rest_route=%2Fwp%2Fv2%2Fcategories&post=1788"},{"taxonomy":"post_tag","embeddable":true,"href":"https:\/\/textocon.com\/index.php?rest_route=%2Fwp%2Fv2%2Ftags&post=1788"}],"curies":[{"name":"wp","href":"https:\/\/api.w.org\/{rel}","templated":true}]}}