{"id":1762,"date":"2018-01-24T13:21:51","date_gmt":"2018-01-24T13:21:51","guid":{"rendered":"http:\/\/textocon.com\/wp\/?p=1762"},"modified":"2018-01-26T18:52:54","modified_gmt":"2018-01-26T18:52:54","slug":"luiz-helena-ve-educacao-com-bons-olhos","status":"publish","type":"post","link":"https:\/\/textocon.com\/?p=1762","title":{"rendered":"Luiza Helena v\u00ea educa\u00e7\u00e3o com bons olhos"},"content":{"rendered":"<p>A iniciativa da Secretaria da Educa\u00e7\u00e3o do Estado de S\u00e3o Paulo de sortear entre os funcion\u00e1rios dois exemplares do livro do antrop\u00f3logo Maroni Jo\u00e3o da Silva sobre a cultura do Magazine Luiza despertou satisfa\u00e7\u00e3o na presidente do Conselho de Administra\u00e7\u00e3o da empresa. Ao ser notificada atrav\u00e9s de e-mail enviado pelo autor, Luiza Helena Trajano considerou a not\u00edcia \u201cmuito legal\u201d e o cumprimentou.<\/p>\n<p>Dentre os v\u00e1rios aspectos institucionais abordados pela publica\u00e7\u00e3o \u201cMagazine Luiza \u2013 Neg\u00f3cio &amp; Cultura\u201d, destacam-se tamb\u00e9m a preocupa\u00e7\u00e3o e a motiva\u00e7\u00e3o da empresa em rela\u00e7\u00e3o \u00e0 forma\u00e7\u00e3o de m\u00e3o de obra. A educa\u00e7\u00e3o, em especial, \u00e9 vista como um instrumento de alavancagem profissional e ascens\u00e3o social.<\/p>\n<p><img loading=\"lazy\" decoding=\"async\" class=\"alignleft size-full wp-image-1814\" src=\"https:\/\/textocon.com\/wp\/wp-content\/uploads\/2018\/01\/magalu.png\" alt=\"magalu\" width=\"960\" height=\"533\" srcset=\"https:\/\/textocon.com\/wp-content\/uploads\/2018\/01\/magalu.png 960w, https:\/\/textocon.com\/wp-content\/uploads\/2018\/01\/magalu-300x167.png 300w\" sizes=\"auto, (max-width: 960px) 100vw, 960px\" \/><\/p>\n","protected":false},"excerpt":{"rendered":"<p>A iniciativa da Secretaria da Educa\u00e7\u00e3o do Estado de S\u00e3o Paulo de sortear entre os funcion\u00e1rios dois exemplares do livro do antrop\u00f3logo Maroni Jo\u00e3o da Silva sobre a cultura do Magazine Luiza despertou satisfa\u00e7\u00e3o na presidente do Conselho de Administra\u00e7\u00e3o da empresa. Ao ser notificada atrav\u00e9s de e-mail enviado pelo autor, Luiza Helena Trajano considerou [&hellip;]<\/p>\n","protected":false},"author":1,"featured_media":0,"comment_status":"open","ping_status":"open","sticky":false,"template":"","format":"standard","meta":{"footnotes":""},"categories":[26],"tags":[],"class_list":["post-1762","post","type-post","status-publish","format-standard","hentry","category-educacao-e-cultura-organizacional"],"jetpack_featured_media_url":"","_links":{"self":[{"href":"https:\/\/textocon.com\/index.php?rest_route=\/wp\/v2\/posts\/1762","targetHints":{"allow":["GET"]}}],"collection":[{"href":"https:\/\/textocon.com\/index.php?rest_route=\/wp\/v2\/posts"}],"about":[{"href":"https:\/\/textocon.com\/index.php?rest_route=\/wp\/v2\/types\/post"}],"author":[{"embeddable":true,"href":"https:\/\/textocon.com\/index.php?rest_route=\/wp\/v2\/users\/1"}],"replies":[{"embeddable":true,"href":"https:\/\/textocon.com\/index.php?rest_route=%2Fwp%2Fv2%2Fcomments&post=1762"}],"version-history":[{"count":4,"href":"https:\/\/textocon.com\/index.php?rest_route=\/wp\/v2\/posts\/1762\/revisions"}],"predecessor-version":[{"id":1815,"href":"https:\/\/textocon.com\/index.php?rest_route=\/wp\/v2\/posts\/1762\/revisions\/1815"}],"wp:attachment":[{"href":"https:\/\/textocon.com\/index.php?rest_route=%2Fwp%2Fv2%2Fmedia&parent=1762"}],"wp:term":[{"taxonomy":"category","embeddable":true,"href":"https:\/\/textocon.com\/index.php?rest_route=%2Fwp%2Fv2%2Fcategories&post=1762"},{"taxonomy":"post_tag","embeddable":true,"href":"https:\/\/textocon.com\/index.php?rest_route=%2Fwp%2Fv2%2Ftags&post=1762"}],"curies":[{"name":"wp","href":"https:\/\/api.w.org\/{rel}","templated":true}]}}