{"id":1697,"date":"2016-02-24T14:44:29","date_gmt":"2016-02-24T14:44:29","guid":{"rendered":"http:\/\/textocon.com\/wp\/?p=1697"},"modified":"2016-02-24T14:51:38","modified_gmt":"2016-02-24T14:51:38","slug":"maroni-recebe-felicitacoes-pelas-edicoe-da-revista-abm","status":"publish","type":"post","link":"https:\/\/textocon.com\/?p=1697","title":{"rendered":"Maroni recebe felicita\u00e7\u00f5es pelas edi\u00e7\u00f5es da Revista ABM"},"content":{"rendered":"<p><img loading=\"lazy\" decoding=\"async\" class=\"alignleft size-full wp-image-1701\" src=\"https:\/\/textocon.com\/wp\/wp-content\/uploads\/2016\/02\/Revista41.jpg\" alt=\"Revista4\" width=\"800\" height=\"450\" srcset=\"https:\/\/textocon.com\/wp-content\/uploads\/2016\/02\/Revista41.jpg 800w, https:\/\/textocon.com\/wp-content\/uploads\/2016\/02\/Revista41-300x169.jpg 300w\" sizes=\"auto, (max-width: 800px) 100vw, 800px\" \/><\/p>\n<p>&nbsp;<\/p>\n<p>\u201cLamento a perda para revista e \u00e0 nossa comunidade. Mas, por outro lado, estou certa de que esta nova etapa lhe trar\u00e1 estimulantes desafios\u201d. Foi com essas palavras que a professora Virg\u00ednia Siminelli, do Departamento de Engenharia Metal\u00fargica e de Materiais da UFMG, interpretou a sa\u00edda do jornalista Maroni J. da Silva do comando da edi\u00e7\u00e3o da Revista ABM, no final de dezembro de 2015. Diretora do Instituto Nacional de Ci\u00eancia e Tecnologia em Recursos Minerais, \u00c1gua e Biodiversidade (INCT-Acqua), Ciminelli agradeceu a aten\u00e7\u00e3o recebida do editor ao longo de sua atua\u00e7\u00e3o no cargo \u201cbem como a dedica\u00e7\u00e3o e contribui\u00e7\u00e3o de alto n\u00edvel para a nossa \u00e1rea\u201d.<\/p>\n<p>O tamb\u00e9m professor Paulo Santos Assis, do Departamento de Engenharia Metal\u00fargica da Ufop, manifestou-se, igualmente, sobre a mudan\u00e7a de gest\u00e3o jornal\u00edstica da publica\u00e7\u00e3o da ABM. \u201cTenho certeza de que o sucesso da revista da qual o senhor foi editor por mais de 10 anos indubitavelmente \u00e9 fruto de seu trabalho s\u00e9rio e profissional\u201d.<\/p>\n<p>\u201cMuito gratificante ter podido colaborar de forma modesta com as edi\u00e7\u00f5es\u201d, completou<\/p>\n<p>Giuseppe Pintaude. Professor do Programa de P\u00f3s-Gradua\u00e7\u00e3o em Engenharia Mec\u00e2nica e de Materiais da Universidade Tecnol\u00f3gica Federal do Paran\u00e1 (UTFPR), Pintaude sempre se colocou \u00e0 disposi\u00e7\u00e3o da revista como fonte na \u00e1rea de tribologia. Em n\u00e3o ferrosos, a palavra ficou com Ayrton Filleti, presidente em\u00e9rito da Associa\u00e7\u00e3o Brasileira do Alum\u00ednio (Abal), coordenador do comit\u00ea t\u00e9cnico de tecnologia e normaliza\u00e7\u00e3o e diretor da Intelectus Aluminium Consultants. \u201cFoi bom compartilhar contigo os assuntos envolvendo o alum\u00ednio\u201d.<\/p>\n<p>Nomes de peso da \u00e1rea empresarial tamb\u00e9m reconhecem a dedica\u00e7\u00e3o do ex-editor. \u201cVejo com certa surpresa sua sa\u00edda. Sem d\u00favida \u00e9 uma perda para a Revista, que voc\u00ea tocou t\u00e3o bem, durante tantos anos\u201d, afirmou Henrique C. Pfeife, diretor-gerente da Minitec.<\/p>\n<p>Elen Mancini, analista de marketing da Erich Industrial, concorda. \u201cA revista impressa da ABM saiu de cena no auge para continuar a trilhar novos caminhos no digital. Em nome da Eirich, quero prestar sincero agradecimento e te parabenizar pelo importante trabalho realizado durante estes anos frente da publica\u00e7\u00e3o\u201d.<\/p>\n<p>Sua colega de \u00e1rea, Geiza Alves, coordenadora de Marketing Am\u00e9rica do Sul, da Tinken, seguiu no mesmo tom: \u201cGostaria de parabenizar pelos anos que voc\u00ea ficou \u00e0 frente da revista ABM como editor\u201d.<\/p>\n<h5>Representante da ArcelorMittal usa met\u00e1fora para definir perfil do editor<\/h5>\n<p>&nbsp;<\/p>\n<p>\u201cValeu Maroni; voc\u00ea \u00e9 safo (sin\u00f4nimo de inteligente, esperto e \u00e1gil)\u201d. Essa esp\u00e9cie de met\u00e1fora foi utilizada pelo engenheiro Francisco Coutinho Dornelas, assessor do CEO da ArcelorMittal A\u00e7os Planos Am\u00e9rica do Sul, para expressar seu reconhecimento ao jornalista.<\/p>\n<p>O consultor e engenheiro Delmar Marques, fez coro com seu ex-colega de empresa, ao referir-se ao trabalho do editor: \u201cCom certeza, a Revista ABM atingiu este grau de import\u00e2ncia devido a sua atua\u00e7\u00e3o, comprometimento e compet\u00eancia\u201d.<\/p>\n<p>\u201cCertamente sentiremos sua falta\u201d, afirmou o tamb\u00e9m consultor Carlos Antonio Fernandes, s\u00f3cio da Primvs Inter Pares, lembrando que \u201csempre foram enriquecedoras todas as oportunidades que tivemos nos eventos e publica\u00e7\u00f5es da ABM\u201d.<\/p>\n<p>Especialista em aciaria, como Delmar, e igualmente consultor, Lauro Chevrand disse compreender o processo de mudan\u00e7a da Revista ABM e mandou um recado, mexendo com o ego do jornalista: \u201cGosto muito de voc\u00ea e do seu trabalho\u201d. Karl Berger, seguiu na trilha psicossocial: \u201cSinto sua sa\u00edda da fam\u00edlia ABM, pois foi sempre um prazer de trabalhar contigo. Estou certo de que nossos caminhos se cruzar\u00e3o no futuro! \u201d<\/p>\n<p>O engenheiro Marcelo Carboneri Carboni, gerente de tecnologia da CBMM destacou o car\u00e1ter educativo da publica\u00e7\u00e3o. \u201cAl\u00e9m de uma grande oportunidade para meu crescimento pessoal e profissional, considero um imenso prazer ter colaborado e ver a revista se materializando. Foi muito bom, n\u00e3o apenas pelos resultados, mas pela forma como voc\u00ea sempre conduziu os contatos de maneira respeitosa e comprometida! \u201d<\/p>\n<p>Inspirado na meritocracia, seu colega de empresa, Pascoal Bordignon, sintetizou sua impress\u00e3o sobre o trabalho do jornalista em duas frases do tipo asser\u00e7\u00e3o e raz\u00e3o: \u201cUm desafio vencido com grandes m\u00e9ritos. Desejo cont\u00ednuo sucesso em sua nova miss\u00e3o\u201d.<\/p>\n<p>&nbsp;<\/p>\n<p>&nbsp;<\/p>\n<p><span style=\"text-decoration: underline;\">\u00a0<\/span><\/p>\n","protected":false},"excerpt":{"rendered":"<p>&nbsp; \u201cLamento a perda para revista e \u00e0 nossa comunidade. Mas, por outro lado, estou certa de que esta nova etapa lhe trar\u00e1 estimulantes desafios\u201d. Foi com essas palavras que a professora Virg\u00ednia Siminelli, do Departamento de Engenharia Metal\u00fargica e de Materiais da UFMG, interpretou a sa\u00edda do jornalista Maroni J. da Silva do comando [&hellip;]<\/p>\n","protected":false},"author":1,"featured_media":0,"comment_status":"closed","ping_status":"closed","sticky":false,"template":"","format":"standard","meta":{"footnotes":""},"categories":[22],"tags":[],"class_list":["post-1697","post","type-post","status-publish","format-standard","hentry","category-notas"],"jetpack_featured_media_url":"","_links":{"self":[{"href":"https:\/\/textocon.com\/index.php?rest_route=\/wp\/v2\/posts\/1697","targetHints":{"allow":["GET"]}}],"collection":[{"href":"https:\/\/textocon.com\/index.php?rest_route=\/wp\/v2\/posts"}],"about":[{"href":"https:\/\/textocon.com\/index.php?rest_route=\/wp\/v2\/types\/post"}],"author":[{"embeddable":true,"href":"https:\/\/textocon.com\/index.php?rest_route=\/wp\/v2\/users\/1"}],"replies":[{"embeddable":true,"href":"https:\/\/textocon.com\/index.php?rest_route=%2Fwp%2Fv2%2Fcomments&post=1697"}],"version-history":[{"count":2,"href":"https:\/\/textocon.com\/index.php?rest_route=\/wp\/v2\/posts\/1697\/revisions"}],"predecessor-version":[{"id":1707,"href":"https:\/\/textocon.com\/index.php?rest_route=\/wp\/v2\/posts\/1697\/revisions\/1707"}],"wp:attachment":[{"href":"https:\/\/textocon.com\/index.php?rest_route=%2Fwp%2Fv2%2Fmedia&parent=1697"}],"wp:term":[{"taxonomy":"category","embeddable":true,"href":"https:\/\/textocon.com\/index.php?rest_route=%2Fwp%2Fv2%2Fcategories&post=1697"},{"taxonomy":"post_tag","embeddable":true,"href":"https:\/\/textocon.com\/index.php?rest_route=%2Fwp%2Fv2%2Ftags&post=1697"}],"curies":[{"name":"wp","href":"https:\/\/api.w.org\/{rel}","templated":true}]}}