{"id":1693,"date":"2016-02-23T16:28:54","date_gmt":"2016-02-23T16:28:54","guid":{"rendered":"http:\/\/textocon.com\/wp\/?p=1693"},"modified":"2016-02-24T14:47:49","modified_gmt":"2016-02-24T14:47:49","slug":"assessores-de-imprensa-ressaltam-a-parceria-com-o-editor","status":"publish","type":"post","link":"https:\/\/textocon.com\/?p=1693","title":{"rendered":"Assessores de imprensa ressaltam a parceria com o editor"},"content":{"rendered":"<p><img loading=\"lazy\" decoding=\"async\" class=\"alignleft size-full wp-image-1699\" src=\"https:\/\/textocon.com\/wp\/wp-content\/uploads\/2016\/02\/Revista1.jpg\" alt=\"Revista1\" width=\"800\" height=\"532\" srcset=\"https:\/\/textocon.com\/wp-content\/uploads\/2016\/02\/Revista1.jpg 800w, https:\/\/textocon.com\/wp-content\/uploads\/2016\/02\/Revista1-300x200.jpg 300w\" sizes=\"auto, (max-width: 800px) 100vw, 800px\" \/><\/p>\n<p>&nbsp;<\/p>\n<p>Assessores de comunica\u00e7\u00e3o de empresas e associadas da ABM e colegas da pr\u00f3pria Revista tamb\u00e9m se manifestaram sobre a sa\u00edda do editor. Lucila Ribeiro, gerente de comunica\u00e7\u00e3o e assuntos institucionais da Gerdau agradeceu: \u201cmuito obrigado pela parceria e interesse ao longo desses 10 anos\u201d.<\/p>\n<p>\u201cFoi um prazer e um aprendizado esse conv\u00edvio profissional. Espero que voc\u00ea continue com sucesso sua vida jornal\u00edstica, empresarial e acad\u00eamica\u201d. Essas palavras foram dirigidas ao editor por Leonardo Steffano Ara\u00fajo Brand\u00e3o de Castro Alves, especialista na Comunica\u00e7\u00e3o Externa da Usiminas.<\/p>\n<p>Celso Calamita, do Departamento de Comunica\u00e7\u00e3o e Marketing da ABAl, sempre colaborou com a Revista por meio do Conselho Editorial. E tamb\u00e9m mandou seu recado: \u201cEstarei atento a qualquer oportunidade que seja necess\u00e1rio contar com seus conhecimentos e experi\u00eancia\u201d.<\/p>\n<p>D\u00e9bora Oliveira, diretora de imagem e comunica\u00e7\u00e3o do Instituto A\u00e7o Brasil, colocou-se, igualmente, \u00e0 disposi\u00e7\u00e3o. \u201cBoa sorte na nova jornada e continue contando conosco! \u201d Da mesma forma, Cristiane Ribeiro, assessora de comunica\u00e7\u00e3o da NSK, quer preservar v\u00ednculo profissional. \u201cNos mantenha informados sobre futuras pautas ou possibilidades de parcerias\u201d, afirmou.<\/p>\n<p>Colaborador e parceiro comercial da Revista, Pascoal Giannocaro sentenciou: \u201cmuito bom voc\u00ea ter agradecido todos que, direta ou indireta, participaram das edi\u00e7\u00f5es da Revista ABM nos \u00faltimos 10 anos. Estarei presente, no que puder ajudar\u201d.<\/p>\n<p>\u201cA nossa parceria n\u00e3o acabou; s\u00f3 est\u00e1 mudando de cen\u00e1rio\u201d, afirmou, por sua vez, Jos\u00e9 Henrique Noldin J\u00fanior, mestre e doutor em engenharia metal\u00fargica. Diretor global de projetos estrat\u00e9gicos da Lhoist, em Bruxelas (B\u00e9lgica), Noldin foi um ativo interlocutor do editor, uma esp\u00e9cie de consultor t\u00e9cnico informal da Revista ABM, colaborando com pautas e orienta\u00e7\u00f5es obtidas por meio de forte interlocu\u00e7\u00e3o com fontes internacionais e, eventualmente, revisor t\u00e9cnico de mat\u00e9rias especiais.<\/p>\n<p>Em nome da Vale, cujo <em>status<\/em> e reputa\u00e7\u00e3o institucionais dispensam coment\u00e1rios em defesa de sua import\u00e2ncia como fonte de informa\u00e7\u00e3o para a Revista, Daniel Kaz, da Ger\u00eancia de Relacionamento com a Imprensa \u2013 Recursos Humanos, transmitiu a seguinte mensagem: \u201cAgradecemos pela sua parceria. Boa sorte no seu novo caminho\u201d.<\/p>\n","protected":false},"excerpt":{"rendered":"<p>&nbsp; Assessores de comunica\u00e7\u00e3o de empresas e associadas da ABM e colegas da pr\u00f3pria Revista tamb\u00e9m se manifestaram sobre a sa\u00edda do editor. Lucila Ribeiro, gerente de comunica\u00e7\u00e3o e assuntos institucionais da Gerdau agradeceu: \u201cmuito obrigado pela parceria e interesse ao longo desses 10 anos\u201d. \u201cFoi um prazer e um aprendizado esse conv\u00edvio profissional. Espero [&hellip;]<\/p>\n","protected":false},"author":1,"featured_media":0,"comment_status":"open","ping_status":"open","sticky":false,"template":"","format":"standard","meta":{"footnotes":""},"categories":[22],"tags":[],"class_list":["post-1693","post","type-post","status-publish","format-standard","hentry","category-notas"],"jetpack_featured_media_url":"","_links":{"self":[{"href":"https:\/\/textocon.com\/index.php?rest_route=\/wp\/v2\/posts\/1693","targetHints":{"allow":["GET"]}}],"collection":[{"href":"https:\/\/textocon.com\/index.php?rest_route=\/wp\/v2\/posts"}],"about":[{"href":"https:\/\/textocon.com\/index.php?rest_route=\/wp\/v2\/types\/post"}],"author":[{"embeddable":true,"href":"https:\/\/textocon.com\/index.php?rest_route=\/wp\/v2\/users\/1"}],"replies":[{"embeddable":true,"href":"https:\/\/textocon.com\/index.php?rest_route=%2Fwp%2Fv2%2Fcomments&post=1693"}],"version-history":[{"count":2,"href":"https:\/\/textocon.com\/index.php?rest_route=\/wp\/v2\/posts\/1693\/revisions"}],"predecessor-version":[{"id":1704,"href":"https:\/\/textocon.com\/index.php?rest_route=\/wp\/v2\/posts\/1693\/revisions\/1704"}],"wp:attachment":[{"href":"https:\/\/textocon.com\/index.php?rest_route=%2Fwp%2Fv2%2Fmedia&parent=1693"}],"wp:term":[{"taxonomy":"category","embeddable":true,"href":"https:\/\/textocon.com\/index.php?rest_route=%2Fwp%2Fv2%2Fcategories&post=1693"},{"taxonomy":"post_tag","embeddable":true,"href":"https:\/\/textocon.com\/index.php?rest_route=%2Fwp%2Fv2%2Ftags&post=1693"}],"curies":[{"name":"wp","href":"https:\/\/api.w.org\/{rel}","templated":true}]}}