{"id":1639,"date":"2016-01-05T18:21:51","date_gmt":"2016-01-05T18:21:51","guid":{"rendered":"http:\/\/textocon.com\/wp\/?p=1639"},"modified":"2016-01-07T13:40:34","modified_gmt":"2016-01-07T13:40:34","slug":"demandas-socioculturais-contam-com-consultoria-organizacional","status":"publish","type":"post","link":"https:\/\/textocon.com\/?p=1639","title":{"rendered":"Maroni deixa Revista ABM e parte para novos desafios"},"content":{"rendered":"<p>Depois de mais de 10 anos no comando jornal\u00edstica da Revista ABM, o jornalista e antrop\u00f3logo Maroni Jo\u00e3o da Silva parte para novos desafios profissionais e acad\u00eamicos. A mudan\u00e7a ocorre a partir de janeiro de 2016, quando a publica\u00e7\u00e3o passar\u00e1 a ser veiculada na vers\u00e3o exclusivamente eletr\u00f4nica.<\/p>\n<p>Seu \u00faltimo compromisso como editor esgotou-se com a produ\u00e7\u00e3o da edi\u00e7\u00e3o 638, de novembro\/dezembro de 2015, cuja mat\u00e9ria de capa (foto) aborda novas tecnologias para ampliar a gest\u00e3o sustent\u00e1vel de \u00e1gua no setor minerometal\u00fargico. O jornalista permanecer\u00e1 colaborando com a publica\u00e7\u00e3o por meio da produ\u00e7\u00e3o de mat\u00e9rias especiais com enfoque t\u00e9cnico-cient\u00edfico.<\/p>\n<p>A maior parte do seu tempo ser\u00e1 dedicada agora \u00e0 Textocon Comunica\u00e7\u00e3o &amp; Cultura Organizacional, consultoria especializada na presta\u00e7\u00e3o de servi\u00e7os para empresas, al\u00e9m de continuar atuando como professor universit\u00e1rio. O portf\u00f3lio de sua empresa inclui atividades voltadas para os segmentos de comunica\u00e7\u00e3o corporativa, consultoria em projetos focados em cultura organizacional e capacita\u00e7\u00e3o de pessoas para atuar em ambiente de neg\u00f3cios em interface com a diversidade e responsabilidade social.<\/p>\n<p><a href=\"https:\/\/textocon.com\/wp\/wp-content\/uploads\/2016\/01\/Revista2.jpg\"><img loading=\"lazy\" decoding=\"async\" class=\"alignleft  wp-image-1641\" src=\"https:\/\/textocon.com\/wp\/wp-content\/uploads\/2016\/01\/Revista2-904x1024.jpg\" alt=\"Revista2\" width=\"424\" height=\"708\" \/><\/a><\/p>\n<p>&nbsp;<\/p>\n","protected":false},"excerpt":{"rendered":"<p>Depois de mais de 10 anos no comando jornal\u00edstica da Revista ABM, o jornalista e antrop\u00f3logo Maroni Jo\u00e3o da Silva parte para novos desafios profissionais e acad\u00eamicos. A mudan\u00e7a ocorre a partir de janeiro de 2016, quando a publica\u00e7\u00e3o passar\u00e1 a ser veiculada na vers\u00e3o exclusivamente eletr\u00f4nica. Seu \u00faltimo compromisso como editor esgotou-se com a [&hellip;]<\/p>\n","protected":false},"author":1,"featured_media":0,"comment_status":"open","ping_status":"open","sticky":false,"template":"","format":"standard","meta":{"footnotes":""},"categories":[14],"tags":[],"class_list":["post-1639","post","type-post","status-publish","format-standard","hentry","category-noticias"],"jetpack_featured_media_url":"","_links":{"self":[{"href":"https:\/\/textocon.com\/index.php?rest_route=\/wp\/v2\/posts\/1639","targetHints":{"allow":["GET"]}}],"collection":[{"href":"https:\/\/textocon.com\/index.php?rest_route=\/wp\/v2\/posts"}],"about":[{"href":"https:\/\/textocon.com\/index.php?rest_route=\/wp\/v2\/types\/post"}],"author":[{"embeddable":true,"href":"https:\/\/textocon.com\/index.php?rest_route=\/wp\/v2\/users\/1"}],"replies":[{"embeddable":true,"href":"https:\/\/textocon.com\/index.php?rest_route=%2Fwp%2Fv2%2Fcomments&post=1639"}],"version-history":[{"count":4,"href":"https:\/\/textocon.com\/index.php?rest_route=\/wp\/v2\/posts\/1639\/revisions"}],"predecessor-version":[{"id":1654,"href":"https:\/\/textocon.com\/index.php?rest_route=\/wp\/v2\/posts\/1639\/revisions\/1654"}],"wp:attachment":[{"href":"https:\/\/textocon.com\/index.php?rest_route=%2Fwp%2Fv2%2Fmedia&parent=1639"}],"wp:term":[{"taxonomy":"category","embeddable":true,"href":"https:\/\/textocon.com\/index.php?rest_route=%2Fwp%2Fv2%2Fcategories&post=1639"},{"taxonomy":"post_tag","embeddable":true,"href":"https:\/\/textocon.com\/index.php?rest_route=%2Fwp%2Fv2%2Ftags&post=1639"}],"curies":[{"name":"wp","href":"https:\/\/api.w.org\/{rel}","templated":true}]}}