{"id":1635,"date":"2016-01-05T18:13:24","date_gmt":"2016-01-05T18:13:24","guid":{"rendered":"http:\/\/textocon.com\/wp\/?p=1635"},"modified":"2016-01-05T20:28:33","modified_gmt":"2016-01-05T20:28:33","slug":"fei-realiza-mba-com-foco-em-seguranca","status":"publish","type":"post","link":"https:\/\/textocon.com\/?p=1635","title":{"rendered":"FEI realiza MBA com foco em seguran\u00e7a"},"content":{"rendered":"<p>O MBA de Gest\u00e3o Empresarial em Comercializa\u00e7\u00e3o de Produtos e Servi\u00e7os na \u00e1rea de<br \/>\nDefesa \u00e9 a novidade na lista de 27 cursos de p\u00f3s-gradua\u00e7\u00e3o rec\u00e9m-anunciados pela FEI.<br \/>\nEsse lato sensu visa formar profissionais especializados em administra\u00e7\u00e3o, log\u00edstica, negocia\u00e7\u00e3o e comercializa\u00e7\u00e3o de produtos e servi\u00e7os prestados por empresas brasileiras e internacionais que atuam em defesa e seguran\u00e7a.<\/p>\n<p>Os conte\u00fados program\u00e1ticos estar\u00e3o voltados para o desenvolvimento de compet\u00eancias gerenciais e de lideran\u00e7a em projetos tecnol\u00f3gicos nessa \u00e1rea. Por meio de cases mercadol\u00f3gicos, permitir\u00e3o, por exemplo, melhorar a percep\u00e7\u00e3o no sentido de identificar oportunidades de neg\u00f3cios.<\/p>\n<p>O curso traz ainda os fundamentos aplicados de administra\u00e7\u00e3o e de gest\u00e3o empresarial, estrat\u00e9gias de marketing, pr\u00e1ticas comerciais e perspectivas de mercado. O aprendizado busca inclusive preparar profissionais para atuar em outros segmentos.<\/p>\n<p><a href=\"https:\/\/textocon.com\/wp\/wp-content\/uploads\/2016\/01\/Alunos-MBA-FEI.jpg\"><img loading=\"lazy\" decoding=\"async\" class=\"alignleft size-large wp-image-1627\" src=\"https:\/\/textocon.com\/wp\/wp-content\/uploads\/2016\/01\/Alunos-MBA-FEI-1024x683.jpg\" alt=\"Alunos MBA FEI\" width=\"960\" height=\"640\" srcset=\"https:\/\/textocon.com\/wp-content\/uploads\/2016\/01\/Alunos-MBA-FEI-1024x683.jpg 1024w, https:\/\/textocon.com\/wp-content\/uploads\/2016\/01\/Alunos-MBA-FEI-300x200.jpg 300w\" sizes=\"auto, (max-width: 960px) 100vw, 960px\" \/><\/a><\/p>\n<p>Cr\u00e9dito: FEI<\/p>\n","protected":false},"excerpt":{"rendered":"<p>O MBA de Gest\u00e3o Empresarial em Comercializa\u00e7\u00e3o de Produtos e Servi\u00e7os na \u00e1rea de Defesa \u00e9 a novidade na lista de 27 cursos de p\u00f3s-gradua\u00e7\u00e3o rec\u00e9m-anunciados pela FEI. Esse lato sensu visa formar profissionais especializados em administra\u00e7\u00e3o, log\u00edstica, negocia\u00e7\u00e3o e comercializa\u00e7\u00e3o de produtos e servi\u00e7os prestados por empresas brasileiras e internacionais que atuam em defesa [&hellip;]<\/p>\n","protected":false},"author":1,"featured_media":0,"comment_status":"open","ping_status":"open","sticky":false,"template":"","format":"standard","meta":{"footnotes":""},"categories":[14],"tags":[],"class_list":["post-1635","post","type-post","status-publish","format-standard","hentry","category-noticias"],"jetpack_featured_media_url":"","_links":{"self":[{"href":"https:\/\/textocon.com\/index.php?rest_route=\/wp\/v2\/posts\/1635","targetHints":{"allow":["GET"]}}],"collection":[{"href":"https:\/\/textocon.com\/index.php?rest_route=\/wp\/v2\/posts"}],"about":[{"href":"https:\/\/textocon.com\/index.php?rest_route=\/wp\/v2\/types\/post"}],"author":[{"embeddable":true,"href":"https:\/\/textocon.com\/index.php?rest_route=\/wp\/v2\/users\/1"}],"replies":[{"embeddable":true,"href":"https:\/\/textocon.com\/index.php?rest_route=%2Fwp%2Fv2%2Fcomments&post=1635"}],"version-history":[{"count":4,"href":"https:\/\/textocon.com\/index.php?rest_route=\/wp\/v2\/posts\/1635\/revisions"}],"predecessor-version":[{"id":1648,"href":"https:\/\/textocon.com\/index.php?rest_route=\/wp\/v2\/posts\/1635\/revisions\/1648"}],"wp:attachment":[{"href":"https:\/\/textocon.com\/index.php?rest_route=%2Fwp%2Fv2%2Fmedia&parent=1635"}],"wp:term":[{"taxonomy":"category","embeddable":true,"href":"https:\/\/textocon.com\/index.php?rest_route=%2Fwp%2Fv2%2Fcategories&post=1635"},{"taxonomy":"post_tag","embeddable":true,"href":"https:\/\/textocon.com\/index.php?rest_route=%2Fwp%2Fv2%2Ftags&post=1635"}],"curies":[{"name":"wp","href":"https:\/\/api.w.org\/{rel}","templated":true}]}}